{"id":147927,"date":"2018-05-02T15:43:53","date_gmt":"2018-05-02T12:43:53","guid":{"rendered":"https:\/\/www.sana.sy\/tr\/?p=147927"},"modified":"2018-05-03T13:04:55","modified_gmt":"2018-05-03T10:04:55","slug":"amac-cocuklarin-hayal-gucu-ve-yeteneklerini-gelistirmek","status":"publish","type":"post","link":"https:\/\/archive.sana.sy\/tr\/?p=147927","title":{"rendered":"Ama\u00e7 \u00c7ocuklar\u0131n Hayal G\u00fcc\u00fc ve Yeteneklerini Geli\u015ftirmek"},"content":{"rendered":"<p>\u015eAM \u2013 G\u00f6n\u00fcll\u00fc gen\u00e7ler b\u00fcy\u00fck \u00e7ocuklar\u0131n yeteneklerini geli\u015ftirme, hayal g\u00fc\u00e7lerini artt\u0131rma ve olanaklar\u0131n\u0131 geni\u015fletme amac\u0131yla bir dizi sivil toplum faaliyetinin i\u015fbirli\u011fi ile etkinlikler d\u00fczenliyor.<\/p>\n<p>G\u00f6n\u00fcll\u00fc gen\u00e7ler ekibi ve faaliyet sorumlusu Dane Kandil, \u00e7ocuklar\u0131n ki\u015filik ve karakterlerini geli\u015ftirmekle birlikte hayal g\u00fc\u00e7leri ve yeteneklerini peki\u015ftirme ama\u00e7l\u0131 bu etkinli\u011fin, ayn\u0131 zamanda bu \u00e7ocuklar\u0131n gereksinimlerini g\u00f6zlemleyip kar\u015f\u0131lamalar\u0131na yard\u0131m etmeyi ama\u00e7lad\u0131\u011f\u0131na dikkat \u00e7ekti.<\/p>\n<p>Kandil etkinli\u011fin zamanla geni\u015fletilip geli\u015ftirildi\u011fini ifade ederken, \u00e7ok say\u0131da g\u00f6n\u00fcll\u00fc gen\u00e7lerin yan\u0131 s\u0131ra sivil toplum faaliyetlerinin kat\u0131ld\u0131klar\u0131n\u0131 s\u00f6yledi.<\/p>\n<p>\u00c7ocuklar\u0131n karakterlerini ve yeteneklerini sosyal ve psikolojik a\u00e7\u0131dan geli\u015ftirip olumlu de\u011ferleri irdeleyip sahiplenmelerini ama\u00e7lad\u0131klar\u0131n\u0131 kaydeden Kandil, kendilerine sunulan bilgileri de\u011ferlendirip kendilerine has bir \u015fekilde hayata ge\u00e7irmelerini ve geli\u015ftirmeleri i\u00e7in u\u011fra\u015ft\u0131klar\u0131n\u0131 s\u00f6zlerine ekledi.<\/p>\n<div id='gallery-1' class='gallery galleryid-147927 gallery-columns-1 gallery-size-large'><figure class='gallery-item'>\n\t\t\t<div class='gallery-icon landscape'>\n\t\t\t\t<a href='https:\/\/archive.sana.sy\/tr\/wp-content\/uploads\/2018\/05\/2-16.jpg'><img loading=\"lazy\" decoding=\"async\" width=\"618\" height=\"412\" src=\"https:\/\/archive.sana.sy\/tr\/wp-content\/uploads\/2018\/05\/2-16.jpg\" class=\"attachment-large size-large\" alt=\"\" srcset=\"https:\/\/archive.sana.sy\/tr\/wp-content\/uploads\/2018\/05\/2-16.jpg 660w, https:\/\/archive.sana.sy\/tr\/wp-content\/uploads\/2018\/05\/2-16-150x100.jpg 150w, https:\/\/archive.sana.sy\/tr\/wp-content\/uploads\/2018\/05\/2-16-300x200.jpg 300w\" sizes=\"auto, (max-width: 618px) 100vw, 618px\" \/><\/a>\n\t\t\t<\/div><\/figure><figure class='gallery-item'>\n\t\t\t<div class='gallery-icon landscape'>\n\t\t\t\t<a href='https:\/\/archive.sana.sy\/tr\/wp-content\/uploads\/2018\/05\/3-11.jpg'><img loading=\"lazy\" decoding=\"async\" width=\"618\" height=\"412\" src=\"https:\/\/archive.sana.sy\/tr\/wp-content\/uploads\/2018\/05\/3-11.jpg\" class=\"attachment-large size-large\" alt=\"\" srcset=\"https:\/\/archive.sana.sy\/tr\/wp-content\/uploads\/2018\/05\/3-11.jpg 660w, https:\/\/archive.sana.sy\/tr\/wp-content\/uploads\/2018\/05\/3-11-150x100.jpg 150w, https:\/\/archive.sana.sy\/tr\/wp-content\/uploads\/2018\/05\/3-11-300x200.jpg 300w\" sizes=\"auto, (max-width: 618px) 100vw, 618px\" \/><\/a>\n\t\t\t<\/div><\/figure>\n\t\t<\/div>\n\n","protected":false},"excerpt":{"rendered":"<p>\u015eAM \u2013 G\u00f6n\u00fcll\u00fc gen\u00e7ler b\u00fcy\u00fck \u00e7ocuklar\u0131n yeteneklerini geli\u015ftirme, hayal g\u00fc\u00e7lerini artt\u0131rma ve olanaklar\u0131n\u0131 geni\u015fletme amac\u0131yla bir dizi sivil toplum faaliyetinin i\u015fbirli\u011fi ile etkinlikler d\u00fczenliyor. G\u00f6n\u00fcll\u00fc gen\u00e7ler ekibi ve faaliyet sorumlusu Dane Kandil, \u00e7ocuklar\u0131n ki\u015filik ve karakterlerini geli\u015ftirmekle birlikte hayal g\u00fc\u00e7leri ve yeteneklerini peki\u015ftirme ama\u00e7l\u0131 bu etkinli\u011fin, ayn\u0131 zamanda bu \u00e7ocuklar\u0131n gereksinimlerini g\u00f6zlemleyip kar\u015f\u0131lamalar\u0131na yard\u0131m etmeyi &hellip;<\/p>\n","protected":false},"author":1,"featured_media":147928,"comment_status":"closed","ping_status":"closed","sticky":false,"template":"","format":"standard","meta":{"footnotes":""},"categories":[526,541,17988,525,538,478],"tags":[32721,24875,36064,2755,8492,32703],"class_list":["post-147927","post","type-post","status-publish","format-standard","has-post-thumbnail","","category-haber-ve-raporlar","category-haberler","category-son-haberler","category-toplum","category-yasam","category-yerel","tag-cocuklarin","tag-gonullu-gencler","tag-hayal-gucleri","tag-sam","tag-sivil","tag-toplum"],"_links":{"self":[{"href":"https:\/\/archive.sana.sy\/tr\/index.php?rest_route=\/wp\/v2\/posts\/147927","targetHints":{"allow":["GET"]}}],"collection":[{"href":"https:\/\/archive.sana.sy\/tr\/index.php?rest_route=\/wp\/v2\/posts"}],"about":[{"href":"https:\/\/archive.sana.sy\/tr\/index.php?rest_route=\/wp\/v2\/types\/post"}],"author":[{"embeddable":true,"href":"https:\/\/archive.sana.sy\/tr\/index.php?rest_route=\/wp\/v2\/users\/1"}],"replies":[{"embeddable":true,"href":"https:\/\/archive.sana.sy\/tr\/index.php?rest_route=%2Fwp%2Fv2%2Fcomments&post=147927"}],"version-history":[{"count":0,"href":"https:\/\/archive.sana.sy\/tr\/index.php?rest_route=\/wp\/v2\/posts\/147927\/revisions"}],"wp:featuredmedia":[{"embeddable":true,"href":"https:\/\/archive.sana.sy\/tr\/index.php?rest_route=\/wp\/v2\/media\/147928"}],"wp:attachment":[{"href":"https:\/\/archive.sana.sy\/tr\/index.php?rest_route=%2Fwp%2Fv2%2Fmedia&parent=147927"}],"wp:term":[{"taxonomy":"category","embeddable":true,"href":"https:\/\/archive.sana.sy\/tr\/index.php?rest_route=%2Fwp%2Fv2%2Fcategories&post=147927"},{"taxonomy":"post_tag","embeddable":true,"href":"https:\/\/archive.sana.sy\/tr\/index.php?rest_route=%2Fwp%2Fv2%2Ftags&post=147927"}],"curies":[{"name":"wp","href":"https:\/\/api.w.org\/{rel}","templated":true}]}}