{"id":147932,"date":"2018-05-02T16:17:48","date_gmt":"2018-05-02T13:17:48","guid":{"rendered":"https:\/\/www.sana.sy\/tr\/?p=147932"},"modified":"2018-05-03T13:04:23","modified_gmt":"2018-05-03T10:04:23","slug":"terorden-kurtulan-cocuklar-sinav-teri-dokuyor","status":"publish","type":"post","link":"https:\/\/archive.sana.sy\/tr\/?p=147932","title":{"rendered":"Ter\u00f6rden Kurtulan \u00c7ocuklar S\u0131nav Teri D\u00f6k\u00fcyor (video)"},"content":{"rendered":"<p>DEYREZZOR \u2013 Ordu birliklerimizin Deyrezzor ve ahalisini I\u015e\u0130D\u2019ten kurtar\u0131p hizmet kurumlar\u0131n\u0131n onar\u0131lmas\u0131 ard\u0131ndan okullar\u0131na d\u00f6nen Deyrezzorlu \u00e7ocuklar \u00f6\u011fretim y\u0131l\u0131n\u0131n ikinci d\u00f6neminde s\u0131nav teri d\u00f6kmeye ba\u015flad\u0131.<\/p>\n<p>Deyrezzor \u0130l E\u011fitim M\u00fcd\u00fcr\u00fc Halil Hac Ubeyd Deyrezzor Kenti ve k\u0131rsal\u0131nda bulunan 150 okulda 39 binden fazla ilk\u00f6\u011fretim \u00f6\u011frencisi ikinci d\u00f6nem s\u0131navlar\u0131na ba\u015flad\u0131klar\u0131n\u0131 belirtti.<\/p>\n<p>Hac Ubeyd ter\u00f6ristlerin okullar\u0131ndan men ettikleri \u00e7ocuklar\u0131n ders program\u0131n\u0131n telafi edilmesi i\u00e7in yo\u011fun ve s\u0131k\u0131 bir ders program\u0131 verildi\u011fine dikkat \u00e7ekti.<\/p>\n<div id='gallery-1' class='gallery galleryid-147932 gallery-columns-1 gallery-size-large'><figure class='gallery-item'>\n\t\t\t<div class='gallery-icon landscape'>\n\t\t\t\t<a href='https:\/\/archive.sana.sy\/tr\/wp-content\/uploads\/2018\/05\/2-17.jpg'><img loading=\"lazy\" decoding=\"async\" width=\"618\" height=\"408\" src=\"https:\/\/archive.sana.sy\/tr\/wp-content\/uploads\/2018\/05\/2-17-1024x676.jpg\" class=\"attachment-large size-large\" alt=\"\" srcset=\"https:\/\/archive.sana.sy\/tr\/wp-content\/uploads\/2018\/05\/2-17-1024x676.jpg 1024w, https:\/\/archive.sana.sy\/tr\/wp-content\/uploads\/2018\/05\/2-17-150x99.jpg 150w, https:\/\/archive.sana.sy\/tr\/wp-content\/uploads\/2018\/05\/2-17-300x198.jpg 300w, https:\/\/archive.sana.sy\/tr\/wp-content\/uploads\/2018\/05\/2-17-768x507.jpg 768w, https:\/\/archive.sana.sy\/tr\/wp-content\/uploads\/2018\/05\/2-17-310x205.jpg 310w, https:\/\/archive.sana.sy\/tr\/wp-content\/uploads\/2018\/05\/2-17.jpg 1200w\" sizes=\"auto, (max-width: 618px) 100vw, 618px\" \/><\/a>\n\t\t\t<\/div><\/figure><figure class='gallery-item'>\n\t\t\t<div class='gallery-icon landscape'>\n\t\t\t\t<a href='https:\/\/archive.sana.sy\/tr\/wp-content\/uploads\/2018\/05\/3-12.jpg'><img loading=\"lazy\" decoding=\"async\" width=\"618\" height=\"348\" src=\"https:\/\/archive.sana.sy\/tr\/wp-content\/uploads\/2018\/05\/3-12-1024x576.jpg\" class=\"attachment-large size-large\" alt=\"\" srcset=\"https:\/\/archive.sana.sy\/tr\/wp-content\/uploads\/2018\/05\/3-12-1024x576.jpg 1024w, https:\/\/archive.sana.sy\/tr\/wp-content\/uploads\/2018\/05\/3-12-150x84.jpg 150w, https:\/\/archive.sana.sy\/tr\/wp-content\/uploads\/2018\/05\/3-12-300x169.jpg 300w, https:\/\/archive.sana.sy\/tr\/wp-content\/uploads\/2018\/05\/3-12-768x432.jpg 768w, https:\/\/archive.sana.sy\/tr\/wp-content\/uploads\/2018\/05\/3-12.jpg 1200w\" sizes=\"auto, (max-width: 618px) 100vw, 618px\" \/><\/a>\n\t\t\t<\/div><\/figure><figure class='gallery-item'>\n\t\t\t<div class='gallery-icon landscape'>\n\t\t\t\t<a href='https:\/\/archive.sana.sy\/tr\/wp-content\/uploads\/2018\/05\/4-8.jpg'><img loading=\"lazy\" decoding=\"async\" width=\"618\" height=\"406\" src=\"https:\/\/archive.sana.sy\/tr\/wp-content\/uploads\/2018\/05\/4-8-1024x672.jpg\" class=\"attachment-large size-large\" alt=\"\" srcset=\"https:\/\/archive.sana.sy\/tr\/wp-content\/uploads\/2018\/05\/4-8-1024x672.jpg 1024w, https:\/\/archive.sana.sy\/tr\/wp-content\/uploads\/2018\/05\/4-8-150x99.jpg 150w, https:\/\/archive.sana.sy\/tr\/wp-content\/uploads\/2018\/05\/4-8-300x197.jpg 300w, https:\/\/archive.sana.sy\/tr\/wp-content\/uploads\/2018\/05\/4-8-768x504.jpg 768w, https:\/\/archive.sana.sy\/tr\/wp-content\/uploads\/2018\/05\/4-8-310x205.jpg 310w, https:\/\/archive.sana.sy\/tr\/wp-content\/uploads\/2018\/05\/4-8.jpg 1200w\" sizes=\"auto, (max-width: 618px) 100vw, 618px\" \/><\/a>\n\t\t\t<\/div><\/figure><figure class='gallery-item'>\n\t\t\t<div class='gallery-icon landscape'>\n\t\t\t\t<a href='https:\/\/archive.sana.sy\/tr\/wp-content\/uploads\/2018\/05\/5-8.jpg'><img loading=\"lazy\" decoding=\"async\" width=\"618\" height=\"400\" src=\"https:\/\/archive.sana.sy\/tr\/wp-content\/uploads\/2018\/05\/5-8-1024x663.jpg\" class=\"attachment-large size-large\" alt=\"\" srcset=\"https:\/\/archive.sana.sy\/tr\/wp-content\/uploads\/2018\/05\/5-8-1024x663.jpg 1024w, https:\/\/archive.sana.sy\/tr\/wp-content\/uploads\/2018\/05\/5-8-150x97.jpg 150w, https:\/\/archive.sana.sy\/tr\/wp-content\/uploads\/2018\/05\/5-8-300x194.jpg 300w, https:\/\/archive.sana.sy\/tr\/wp-content\/uploads\/2018\/05\/5-8-768x497.jpg 768w, https:\/\/archive.sana.sy\/tr\/wp-content\/uploads\/2018\/05\/5-8.jpg 1200w\" sizes=\"auto, (max-width: 618px) 100vw, 618px\" \/><\/a>\n\t\t\t<\/div><\/figure>\n\t\t<\/div>\n\n<p>https:\/\/www.youtube.com\/watch?v=n5Y-iNazJk4<\/p>\n","protected":false},"excerpt":{"rendered":"<p>DEYREZZOR \u2013 Ordu birliklerimizin Deyrezzor ve ahalisini I\u015e\u0130D\u2019ten kurtar\u0131p hizmet kurumlar\u0131n\u0131n onar\u0131lmas\u0131 ard\u0131ndan okullar\u0131na d\u00f6nen Deyrezzorlu \u00e7ocuklar \u00f6\u011fretim y\u0131l\u0131n\u0131n ikinci d\u00f6neminde s\u0131nav teri d\u00f6kmeye ba\u015flad\u0131. Deyrezzor \u0130l E\u011fitim M\u00fcd\u00fcr\u00fc Halil Hac Ubeyd Deyrezzor Kenti ve k\u0131rsal\u0131nda bulunan 150 okulda 39 binden fazla ilk\u00f6\u011fretim \u00f6\u011frencisi ikinci d\u00f6nem s\u0131navlar\u0131na ba\u015flad\u0131klar\u0131n\u0131 belirtti. Hac Ubeyd ter\u00f6ristlerin okullar\u0131ndan men ettikleri &hellip;<\/p>\n","protected":false},"author":1,"featured_media":147933,"comment_status":"closed","ping_status":"closed","sticky":false,"template":"","format":"standard","meta":{"footnotes":""},"categories":[596,479,17988,478],"tags":[2494,36065,2318,4597,32327,2695],"class_list":["post-147932","post","type-post","status-publish","format-standard","has-post-thumbnail","","category-fotografli-raporlar","category-haberler-yerel","category-son-haberler","category-yerel","tag-deyrezzor","tag-deyrezzorlu-cocuklar","tag-isid","tag-ogretim-2","tag-okullar","tag-ordu-birliklerimiz"],"_links":{"self":[{"href":"https:\/\/archive.sana.sy\/tr\/index.php?rest_route=\/wp\/v2\/posts\/147932","targetHints":{"allow":["GET"]}}],"collection":[{"href":"https:\/\/archive.sana.sy\/tr\/index.php?rest_route=\/wp\/v2\/posts"}],"about":[{"href":"https:\/\/archive.sana.sy\/tr\/index.php?rest_route=\/wp\/v2\/types\/post"}],"author":[{"embeddable":true,"href":"https:\/\/archive.sana.sy\/tr\/index.php?rest_route=\/wp\/v2\/users\/1"}],"replies":[{"embeddable":true,"href":"https:\/\/archive.sana.sy\/tr\/index.php?rest_route=%2Fwp%2Fv2%2Fcomments&post=147932"}],"version-history":[{"count":0,"href":"https:\/\/archive.sana.sy\/tr\/index.php?rest_route=\/wp\/v2\/posts\/147932\/revisions"}],"wp:featuredmedia":[{"embeddable":true,"href":"https:\/\/archive.sana.sy\/tr\/index.php?rest_route=\/wp\/v2\/media\/147933"}],"wp:attachment":[{"href":"https:\/\/archive.sana.sy\/tr\/index.php?rest_route=%2Fwp%2Fv2%2Fmedia&parent=147932"}],"wp:term":[{"taxonomy":"category","embeddable":true,"href":"https:\/\/archive.sana.sy\/tr\/index.php?rest_route=%2Fwp%2Fv2%2Fcategories&post=147932"},{"taxonomy":"post_tag","embeddable":true,"href":"https:\/\/archive.sana.sy\/tr\/index.php?rest_route=%2Fwp%2Fv2%2Ftags&post=147932"}],"curies":[{"name":"wp","href":"https:\/\/api.w.org\/{rel}","templated":true}]}}