{"id":147945,"date":"2018-05-02T16:35:32","date_gmt":"2018-05-02T13:35:32","guid":{"rendered":"https:\/\/www.sana.sy\/tr\/?p=147945"},"modified":"2018-05-02T16:35:32","modified_gmt":"2018-05-02T13:35:32","slug":"abd-ve-koalisyonunun-isidten-arta-kalan-teroristleri-haseke-deyrezzor-ve-rakkada-amerikan-edatlari-olan-bolucu-ve-isbirlikci-gruplara-katmaya-calistigina-vurgu-yapan-bakanlik-tum-b","status":"publish","type":"post","link":"https:\/\/archive.sana.sy\/tr\/?p=147945","title":{"rendered":"ABD ve koalisyonunun I\u015e\u0130D\u2019ten arta kalan ter\u00f6ristleri Haseke, Deyrezzor ve Rakka\u2019da Amerikan edatlar\u0131 olan b\u00f6l\u00fcc\u00fc ve i\u015fbirlik\u00e7i gruplara katmaya \u00e7al\u0131\u015ft\u0131\u011f\u0131na vurgu yapan bakanl\u0131k; t\u00fcm bunlar\u0131n ABD ve koalisyonun as\u0131l amac\u0131n\u0131n I\u015e\u0130D\u2019e kar\u015f\u0131 sava\u015fmak de\u011fil de Suriye&#8217;nin egemenli\u011fini ve toprak b\u00fct\u00fcnl\u00fc\u011f\u00fcn\u00fc sabote etmek oldu\u011funu kan\u0131tlad\u0131\u011f\u0131n\u0131n alt\u0131n\u0131 \u00e7izdi"},"content":{"rendered":"<p>ABD ve koalisyonunun I\u015e\u0130D\u2019ten arta kalan ter\u00f6ristleri Haseke, Deyrezzor ve Rakka\u2019da Amerikan edatlar\u0131 olan b\u00f6l\u00fcc\u00fc ve i\u015fbirlik\u00e7i gruplara katmaya \u00e7al\u0131\u015ft\u0131\u011f\u0131na vurgu yapan bakanl\u0131k; t\u00fcm bunlar\u0131n ABD ve koalisyonun as\u0131l amac\u0131n\u0131n I\u015e\u0130D\u2019e kar\u015f\u0131 sava\u015fmak de\u011fil de Suriye&#8217;nin egemenli\u011fini ve toprak b\u00fct\u00fcnl\u00fc\u011f\u00fcn\u00fc sabote etmek oldu\u011funu kan\u0131tlad\u0131\u011f\u0131n\u0131n alt\u0131n\u0131 \u00e7izdi<\/p>\n","protected":false},"excerpt":{"rendered":"<p>ABD ve koalisyonunun I\u015e\u0130D\u2019ten arta kalan ter\u00f6ristleri Haseke, Deyrezzor ve Rakka\u2019da Amerikan edatlar\u0131 olan b\u00f6l\u00fcc\u00fc ve i\u015fbirlik\u00e7i gruplara katmaya \u00e7al\u0131\u015ft\u0131\u011f\u0131na vurgu yapan bakanl\u0131k; t\u00fcm bunlar\u0131n ABD ve koalisyonun as\u0131l amac\u0131n\u0131n I\u015e\u0130D\u2019e kar\u015f\u0131 sava\u015fmak de\u011fil de Suriye&#8217;nin egemenli\u011fini ve toprak b\u00fct\u00fcnl\u00fc\u011f\u00fcn\u00fc sabote etmek oldu\u011funu kan\u0131tlad\u0131\u011f\u0131n\u0131n alt\u0131n\u0131 \u00e7izdi<\/p>\n","protected":false},"author":1,"featured_media":0,"comment_status":"closed","ping_status":"closed","sticky":false,"template":"","format":"standard","meta":{"footnotes":""},"categories":[17991],"tags":[],"class_list":["post-147945","post","type-post","status-publish","format-standard","","category-son-dakika"],"_links":{"self":[{"href":"https:\/\/archive.sana.sy\/tr\/index.php?rest_route=\/wp\/v2\/posts\/147945","targetHints":{"allow":["GET"]}}],"collection":[{"href":"https:\/\/archive.sana.sy\/tr\/index.php?rest_route=\/wp\/v2\/posts"}],"about":[{"href":"https:\/\/archive.sana.sy\/tr\/index.php?rest_route=\/wp\/v2\/types\/post"}],"author":[{"embeddable":true,"href":"https:\/\/archive.sana.sy\/tr\/index.php?rest_route=\/wp\/v2\/users\/1"}],"replies":[{"embeddable":true,"href":"https:\/\/archive.sana.sy\/tr\/index.php?rest_route=%2Fwp%2Fv2%2Fcomments&post=147945"}],"version-history":[{"count":0,"href":"https:\/\/archive.sana.sy\/tr\/index.php?rest_route=\/wp\/v2\/posts\/147945\/revisions"}],"wp:attachment":[{"href":"https:\/\/archive.sana.sy\/tr\/index.php?rest_route=%2Fwp%2Fv2%2Fmedia&parent=147945"}],"wp:term":[{"taxonomy":"category","embeddable":true,"href":"https:\/\/archive.sana.sy\/tr\/index.php?rest_route=%2Fwp%2Fv2%2Fcategories&post=147945"},{"taxonomy":"post_tag","embeddable":true,"href":"https:\/\/archive.sana.sy\/tr\/index.php?rest_route=%2Fwp%2Fv2%2Ftags&post=147945"}],"curies":[{"name":"wp","href":"https:\/\/api.w.org\/{rel}","templated":true}]}}