{"id":147946,"date":"2018-05-02T16:32:27","date_gmt":"2018-05-02T13:32:27","guid":{"rendered":"https:\/\/www.sana.sy\/tr\/?p=147946"},"modified":"2018-05-02T16:32:27","modified_gmt":"2018-05-02T13:32:27","slug":"bakanlik-bm-ve-bmgk-arsivlerinde-resmi-bir-belde-niteliginde-olan-mektupta-abd-ve-gayri-mesru-uluslar-arasi-koalisyonunun-iside-karsi-savas-bahanesi-altinda-sivilleri-hedef-aldigini-isid","status":"publish","type":"post","link":"https:\/\/archive.sana.sy\/tr\/?p=147946","title":{"rendered":"Bakanl\u0131k BM ve BMGK ar\u015fivlerinde resmi bir belde niteli\u011finde olan mektupta; ABD ve gayr\u0131 me\u015fru uluslar aras\u0131 koalisyonunun I\u015e\u0130D\u2019e kar\u015f\u0131 sava\u015f bahanesi alt\u0131nda sivilleri hedef ald\u0131\u011f\u0131n\u0131, I\u015e\u0130D\u2019e kar\u015f\u0131 sava\u015fmak bir yana, ordu birliklerimizin yok etti\u011fi I\u015e\u0130D\u2019ten arta kalan ter\u00f6ristleri koruyup farkl\u0131 b\u00f6lgelerde kullanmaya \u00e7al\u0131\u015ft\u0131\u011f\u0131na dikkat \u00e7ekti"},"content":{"rendered":"<p>Bakanl\u0131k BM ve BMGK ar\u015fivlerinde resmi bir belde niteli\u011finde olan mektupta; ABD ve gayr\u0131 me\u015fru uluslar aras\u0131 koalisyonunun I\u015e\u0130D\u2019e kar\u015f\u0131 sava\u015f bahanesi alt\u0131nda sivilleri hedef ald\u0131\u011f\u0131n\u0131, I\u015e\u0130D\u2019e kar\u015f\u0131 sava\u015fmak bir yana, ordu birliklerimizin yok etti\u011fi I\u015e\u0130D\u2019ten arta kalan ter\u00f6ristleri koruyup farkl\u0131 b\u00f6lgelerde kullanmaya \u00e7al\u0131\u015ft\u0131\u011f\u0131na dikkat \u00e7ekti<\/p>\n","protected":false},"excerpt":{"rendered":"<p>Bakanl\u0131k BM ve BMGK ar\u015fivlerinde resmi bir belde niteli\u011finde olan mektupta; ABD ve gayr\u0131 me\u015fru uluslar aras\u0131 koalisyonunun I\u015e\u0130D\u2019e kar\u015f\u0131 sava\u015f bahanesi alt\u0131nda sivilleri hedef ald\u0131\u011f\u0131n\u0131, I\u015e\u0130D\u2019e kar\u015f\u0131 sava\u015fmak bir yana, ordu birliklerimizin yok etti\u011fi I\u015e\u0130D\u2019ten arta kalan ter\u00f6ristleri koruyup farkl\u0131 b\u00f6lgelerde kullanmaya \u00e7al\u0131\u015ft\u0131\u011f\u0131na dikkat \u00e7ekti<\/p>\n","protected":false},"author":1,"featured_media":0,"comment_status":"closed","ping_status":"closed","sticky":false,"template":"","format":"standard","meta":{"footnotes":""},"categories":[17991],"tags":[],"class_list":["post-147946","post","type-post","status-publish","format-standard","","category-son-dakika"],"_links":{"self":[{"href":"https:\/\/archive.sana.sy\/tr\/index.php?rest_route=\/wp\/v2\/posts\/147946","targetHints":{"allow":["GET"]}}],"collection":[{"href":"https:\/\/archive.sana.sy\/tr\/index.php?rest_route=\/wp\/v2\/posts"}],"about":[{"href":"https:\/\/archive.sana.sy\/tr\/index.php?rest_route=\/wp\/v2\/types\/post"}],"author":[{"embeddable":true,"href":"https:\/\/archive.sana.sy\/tr\/index.php?rest_route=\/wp\/v2\/users\/1"}],"replies":[{"embeddable":true,"href":"https:\/\/archive.sana.sy\/tr\/index.php?rest_route=%2Fwp%2Fv2%2Fcomments&post=147946"}],"version-history":[{"count":0,"href":"https:\/\/archive.sana.sy\/tr\/index.php?rest_route=\/wp\/v2\/posts\/147946\/revisions"}],"wp:attachment":[{"href":"https:\/\/archive.sana.sy\/tr\/index.php?rest_route=%2Fwp%2Fv2%2Fmedia&parent=147946"}],"wp:term":[{"taxonomy":"category","embeddable":true,"href":"https:\/\/archive.sana.sy\/tr\/index.php?rest_route=%2Fwp%2Fv2%2Fcategories&post=147946"},{"taxonomy":"post_tag","embeddable":true,"href":"https:\/\/archive.sana.sy\/tr\/index.php?rest_route=%2Fwp%2Fv2%2Ftags&post=147946"}],"curies":[{"name":"wp","href":"https:\/\/api.w.org\/{rel}","templated":true}]}}