{"id":147949,"date":"2018-05-02T16:39:28","date_gmt":"2018-05-02T13:39:28","guid":{"rendered":"https:\/\/www.sana.sy\/tr\/?p=147949"},"modified":"2018-05-02T16:39:28","modified_gmt":"2018-05-02T13:39:28","slug":"bakanlik-abd-ve-koalisyonun-suriyede-savaps-suresini-uzatma-siyasi-cozumu-engelleme-ve-daha-fazla-kanlarin-dokulmesini-amacladigini-bir-kez-daha-vurguladi","status":"publish","type":"post","link":"https:\/\/archive.sana.sy\/tr\/?p=147949","title":{"rendered":"Bakanl\u0131k ABD ve koalisyonun Suriye&#8217;de savap\u015f s\u00fcresini uzatma, siyasi \u00e7\u00f6z\u00fcm\u00fc engelleme ve daha fazla kanlar\u0131n d\u00f6k\u00fclmesini ama\u00e7lad\u0131\u011f\u0131n\u0131 bir kez daha vurgulad\u0131"},"content":{"rendered":"<p>Bakanl\u0131k ABD ve koalisyonun Suriye&#8217;de savap\u015f s\u00fcresini uzatma, siyasi \u00e7\u00f6z\u00fcm\u00fc engelleme ve daha fazla kanlar\u0131n d\u00f6k\u00fclmesini ama\u00e7lad\u0131\u011f\u0131n\u0131 bir kez daha vurgulad\u0131<\/p>\n<p>&nbsp;<\/p>\n","protected":false},"excerpt":{"rendered":"<p>Bakanl\u0131k ABD ve koalisyonun Suriye&#8217;de savap\u015f s\u00fcresini uzatma, siyasi \u00e7\u00f6z\u00fcm\u00fc engelleme ve daha fazla kanlar\u0131n d\u00f6k\u00fclmesini ama\u00e7lad\u0131\u011f\u0131n\u0131 bir kez daha vurgulad\u0131 &nbsp;<\/p>\n","protected":false},"author":1,"featured_media":0,"comment_status":"closed","ping_status":"closed","sticky":false,"template":"","format":"standard","meta":{"footnotes":""},"categories":[17991],"tags":[],"class_list":["post-147949","post","type-post","status-publish","format-standard","","category-son-dakika"],"_links":{"self":[{"href":"https:\/\/archive.sana.sy\/tr\/index.php?rest_route=\/wp\/v2\/posts\/147949","targetHints":{"allow":["GET"]}}],"collection":[{"href":"https:\/\/archive.sana.sy\/tr\/index.php?rest_route=\/wp\/v2\/posts"}],"about":[{"href":"https:\/\/archive.sana.sy\/tr\/index.php?rest_route=\/wp\/v2\/types\/post"}],"author":[{"embeddable":true,"href":"https:\/\/archive.sana.sy\/tr\/index.php?rest_route=\/wp\/v2\/users\/1"}],"replies":[{"embeddable":true,"href":"https:\/\/archive.sana.sy\/tr\/index.php?rest_route=%2Fwp%2Fv2%2Fcomments&post=147949"}],"version-history":[{"count":0,"href":"https:\/\/archive.sana.sy\/tr\/index.php?rest_route=\/wp\/v2\/posts\/147949\/revisions"}],"wp:attachment":[{"href":"https:\/\/archive.sana.sy\/tr\/index.php?rest_route=%2Fwp%2Fv2%2Fmedia&parent=147949"}],"wp:term":[{"taxonomy":"category","embeddable":true,"href":"https:\/\/archive.sana.sy\/tr\/index.php?rest_route=%2Fwp%2Fv2%2Fcategories&post=147949"},{"taxonomy":"post_tag","embeddable":true,"href":"https:\/\/archive.sana.sy\/tr\/index.php?rest_route=%2Fwp%2Fv2%2Ftags&post=147949"}],"curies":[{"name":"wp","href":"https:\/\/api.w.org\/{rel}","templated":true}]}}