{"id":147995,"date":"2018-05-03T15:10:57","date_gmt":"2018-05-03T12:10:57","guid":{"rendered":"https:\/\/www.sana.sy\/tr\/?p=147995"},"modified":"2018-05-04T12:42:04","modified_gmt":"2018-05-04T09:42:04","slug":"teroristleri-aktarma-icraatlari-basladi","status":"publish","type":"post","link":"https:\/\/archive.sana.sy\/tr\/?p=147995","title":{"rendered":"Ter\u00f6ristler ve Ailelerini Ta\u015f\u0131yan Otob\u00fcsler \u00c7\u0131k\u0131yor (video)"},"content":{"rendered":"<p>\u015eAM KIRSALI \u2013 Ba\u015fkent \u015eam\u2019\u0131n g\u00fcney k\u0131rsal\u0131 Yelda, Babbila ve Beyt Sahm beldelerindeki ter\u00f6ristleri Suriye&#8217;nin kuzeyine aktarma uzla\u015fmas\u0131n\u0131 hayata ge\u00e7irme icraatlar\u0131 bug\u00fcn sabah saatlerinde ba\u015flad\u0131.<\/p>\n<p>SANA\u2019n\u0131n sava\u015f muhabiri ba\u015fkent \u015eam\u2019\u0131n g\u00fcney kenarlar\u0131n\u0131 tamamen ter\u00f6rden kurtarma ama\u00e7l\u0131 icraatlar kapsam\u0131nda Yelda, Babbila ve Beyt Sahm beldelerinde silahlar\u0131n\u0131 b\u0131rakmay\u0131 reddeden ter\u00f6ristler ve ailelerini Suriye&#8217;nin kuzeyine aktarma icraatlar\u0131nda 32 otob\u00fcs\u00fcn Beyt Sahm Beldesi kenarlar\u0131nda topland\u0131klar\u0131n\u0131 belirtti.<\/p>\n<p>Muhabir silah b\u0131rak\u0131p af karar\u0131ndan faydalanmay\u0131 reddeden ter\u00f6ristler ve ailelerini ta\u015f\u0131yan bu otob\u00fcslerin arama ve tefti\u015ften ge\u00e7meleri ard\u0131ndan toplu \u015fekilde K\u0131z\u0131lay \u00d6rg\u00fct\u00fcn\u00fcn g\u00f6zetimi alt\u0131nda Suriye&#8217;nin kuzeyine g\u00f6nderileceklerini kaydetti.<\/p>\n<p>SANA\u2019n\u0131n sava\u015f muhabiri uzla\u015fma kapsam\u0131nda bu beldelerde bulunan ter\u00f6ristler ve ailelerini Suriye&#8217;nin kuzeyine aktaracak \u00e7ok say\u0131da otob\u00fcs\u00fcn beldelere girdiklerini aktarm\u0131\u015ft\u0131.<\/p>\n<p><img loading=\"lazy\" decoding=\"async\" class=\"alignright wp-image-147998 size-medium\" src=\"https:\/\/www.sana.sy\/tr\/wp-content\/uploads\/2018\/05\/2-19-300x150.jpg\" alt=\"\" width=\"300\" height=\"150\" srcset=\"https:\/\/archive.sana.sy\/tr\/wp-content\/uploads\/2018\/05\/2-19-300x150.jpg 300w, https:\/\/archive.sana.sy\/tr\/wp-content\/uploads\/2018\/05\/2-19-150x75.jpg 150w, https:\/\/archive.sana.sy\/tr\/wp-content\/uploads\/2018\/05\/2-19.jpg 660w\" sizes=\"auto, (max-width: 300px) 100vw, 300px\" \/><\/p>\n<p>\u015eam\u2019\u0131n g\u00fcneyi ve Bat\u0131 \u011euta\u2019n\u0131n tamam\u0131n\u0131n ter\u00f6rden ar\u0131nd\u0131r\u0131lm\u0131\u015f g\u00fcvenli b\u00f6lgeler olarak ilan edilmesini ama\u00e7layan bu icraatlarda ter\u00f6rist ve ailelerinden ibaret 5 bin ki\u015finin Suriye&#8217;nin kuzeyine aktar\u0131laca\u011f\u0131na i\u015faret eden muhabir; ter\u00f6ristlerin bu beldelerden \u00e7\u0131kmadan \u00f6nce t\u00fcm orta ve a\u011f\u0131r silahlar\u0131n\u0131 orduya teslim edeceklerine dikkat \u00e7ekti.<\/p>\n<p><span style=\"line-height: 1.5\">Muhabir beldelerinde kalmak isteyenlerin ise t\u00fcm silahlar\u0131n\u0131 teslim etmeleri ve yeniden ulusal g\u00fcvenli\u011fi tehdit edecek herhangi bir eyleme kat\u0131lmama taahh\u00fcd\u00fc imzalamalar\u0131 ard\u0131ndan kanuni durumlar\u0131 yeniden d\u00fczenlenip normal ya\u015famlar\u0131na d\u00f6neceklerini kaydetti. Ard\u0131ndan ordu birliklerimizin bu beldelere girip arama tarama operasyonlar\u0131 ba\u015flatacaklar\u0131n\u0131 ifade eden muhabir; ter\u00f6r ve kal\u0131nt\u0131lar\u0131ndan tamamen temizlenmeleriyle devlet kurumlar\u0131 ve hizmet dairelerinin yeniden hizmete gireceklerini s\u00f6yledi.<\/span><\/p>\n<div id='gallery-1' class='gallery galleryid-147995 gallery-columns-1 gallery-size-large'><figure class='gallery-item'>\n\t\t\t<div class='gallery-icon landscape'>\n\t\t\t\t<a href='https:\/\/archive.sana.sy\/tr\/wp-content\/uploads\/2018\/05\/1-1-2.jpg'><img loading=\"lazy\" decoding=\"async\" width=\"618\" height=\"404\" src=\"https:\/\/archive.sana.sy\/tr\/wp-content\/uploads\/2018\/05\/1-1-2-1024x669.jpg\" class=\"attachment-large size-large\" alt=\"\" srcset=\"https:\/\/archive.sana.sy\/tr\/wp-content\/uploads\/2018\/05\/1-1-2-1024x669.jpg 1024w, https:\/\/archive.sana.sy\/tr\/wp-content\/uploads\/2018\/05\/1-1-2-150x98.jpg 150w, https:\/\/archive.sana.sy\/tr\/wp-content\/uploads\/2018\/05\/1-1-2-300x196.jpg 300w, https:\/\/archive.sana.sy\/tr\/wp-content\/uploads\/2018\/05\/1-1-2-768x502.jpg 768w, https:\/\/archive.sana.sy\/tr\/wp-content\/uploads\/2018\/05\/1-1-2.jpg 1200w\" sizes=\"auto, (max-width: 618px) 100vw, 618px\" \/><\/a>\n\t\t\t<\/div><\/figure><figure class='gallery-item'>\n\t\t\t<div class='gallery-icon landscape'>\n\t\t\t\t<a href='https:\/\/archive.sana.sy\/tr\/wp-content\/uploads\/2018\/05\/03-1.jpg'><img loading=\"lazy\" decoding=\"async\" width=\"618\" height=\"403\" src=\"https:\/\/archive.sana.sy\/tr\/wp-content\/uploads\/2018\/05\/03-1-1024x667.jpg\" class=\"attachment-large size-large\" alt=\"\" srcset=\"https:\/\/archive.sana.sy\/tr\/wp-content\/uploads\/2018\/05\/03-1-1024x667.jpg 1024w, https:\/\/archive.sana.sy\/tr\/wp-content\/uploads\/2018\/05\/03-1-150x98.jpg 150w, https:\/\/archive.sana.sy\/tr\/wp-content\/uploads\/2018\/05\/03-1-300x196.jpg 300w, https:\/\/archive.sana.sy\/tr\/wp-content\/uploads\/2018\/05\/03-1-768x500.jpg 768w, https:\/\/archive.sana.sy\/tr\/wp-content\/uploads\/2018\/05\/03-1.jpg 1200w\" sizes=\"auto, (max-width: 618px) 100vw, 618px\" \/><\/a>\n\t\t\t<\/div><\/figure><figure class='gallery-item'>\n\t\t\t<div class='gallery-icon landscape'>\n\t\t\t\t<a href='https:\/\/archive.sana.sy\/tr\/wp-content\/uploads\/2018\/05\/\u062c\u062f\u064a\u062f\u0629-1.jpg'><img loading=\"lazy\" decoding=\"async\" width=\"618\" height=\"464\" src=\"https:\/\/archive.sana.sy\/tr\/wp-content\/uploads\/2018\/05\/\u062c\u062f\u064a\u062f\u0629-1-1024x768.jpg\" class=\"attachment-large size-large\" alt=\"\" srcset=\"https:\/\/archive.sana.sy\/tr\/wp-content\/uploads\/2018\/05\/\u062c\u062f\u064a\u062f\u0629-1-1024x768.jpg 1024w, https:\/\/archive.sana.sy\/tr\/wp-content\/uploads\/2018\/05\/\u062c\u062f\u064a\u062f\u0629-1-150x113.jpg 150w, https:\/\/archive.sana.sy\/tr\/wp-content\/uploads\/2018\/05\/\u062c\u062f\u064a\u062f\u0629-1-300x225.jpg 300w, https:\/\/archive.sana.sy\/tr\/wp-content\/uploads\/2018\/05\/\u062c\u062f\u064a\u062f\u0629-1-768x576.jpg 768w, https:\/\/archive.sana.sy\/tr\/wp-content\/uploads\/2018\/05\/\u062c\u062f\u064a\u062f\u0629-1.jpg 1200w\" sizes=\"auto, (max-width: 618px) 100vw, 618px\" \/><\/a>\n\t\t\t<\/div><\/figure>\n\t\t<\/div>\n\n<p>https:\/\/www.youtube.com\/watch?v=Qv_KDghEBUU<\/p>\n","protected":false},"excerpt":{"rendered":"<p>\u015eAM KIRSALI \u2013 Ba\u015fkent \u015eam\u2019\u0131n g\u00fcney k\u0131rsal\u0131 Yelda, Babbila ve Beyt Sahm beldelerindeki ter\u00f6ristleri Suriye&#8217;nin kuzeyine aktarma uzla\u015fmas\u0131n\u0131 hayata ge\u00e7irme icraatlar\u0131 bug\u00fcn sabah saatlerinde ba\u015flad\u0131. SANA\u2019n\u0131n sava\u015f muhabiri ba\u015fkent \u015eam\u2019\u0131n g\u00fcney kenarlar\u0131n\u0131 tamamen ter\u00f6rden kurtarma ama\u00e7l\u0131 icraatlar kapsam\u0131nda Yelda, Babbila ve Beyt Sahm beldelerinde silahlar\u0131n\u0131 b\u0131rakmay\u0131 reddeden ter\u00f6ristler ve ailelerini Suriye&#8217;nin kuzeyine aktarma icraatlar\u0131nda 32 &hellip;<\/p>\n","protected":false},"author":1,"featured_media":148037,"comment_status":"closed","ping_status":"closed","sticky":false,"template":"","format":"standard","meta":{"footnotes":""},"categories":[596,479,575,17988,478],"tags":[2755,36072,35790,16591,11549,30450,36071],"class_list":["post-147995","post","type-post","status-publish","format-standard","has-post-thumbnail","","category-fotografli-raporlar","category-haberler-yerel","category-olaylar-ve-gercekler","category-son-haberler","category-yerel","tag-sam","tag-samin-guneyi","tag-silah-teslimi","tag-suriye","tag-suriye-ordusu","tag-suriyede-uzlasma","tag-suryeli-muhalifler"],"_links":{"self":[{"href":"https:\/\/archive.sana.sy\/tr\/index.php?rest_route=\/wp\/v2\/posts\/147995","targetHints":{"allow":["GET"]}}],"collection":[{"href":"https:\/\/archive.sana.sy\/tr\/index.php?rest_route=\/wp\/v2\/posts"}],"about":[{"href":"https:\/\/archive.sana.sy\/tr\/index.php?rest_route=\/wp\/v2\/types\/post"}],"author":[{"embeddable":true,"href":"https:\/\/archive.sana.sy\/tr\/index.php?rest_route=\/wp\/v2\/users\/1"}],"replies":[{"embeddable":true,"href":"https:\/\/archive.sana.sy\/tr\/index.php?rest_route=%2Fwp%2Fv2%2Fcomments&post=147995"}],"version-history":[{"count":0,"href":"https:\/\/archive.sana.sy\/tr\/index.php?rest_route=\/wp\/v2\/posts\/147995\/revisions"}],"wp:featuredmedia":[{"embeddable":true,"href":"https:\/\/archive.sana.sy\/tr\/index.php?rest_route=\/wp\/v2\/media\/148037"}],"wp:attachment":[{"href":"https:\/\/archive.sana.sy\/tr\/index.php?rest_route=%2Fwp%2Fv2%2Fmedia&parent=147995"}],"wp:term":[{"taxonomy":"category","embeddable":true,"href":"https:\/\/archive.sana.sy\/tr\/index.php?rest_route=%2Fwp%2Fv2%2Fcategories&post=147995"},{"taxonomy":"post_tag","embeddable":true,"href":"https:\/\/archive.sana.sy\/tr\/index.php?rest_route=%2Fwp%2Fv2%2Ftags&post=147995"}],"curies":[{"name":"wp","href":"https:\/\/api.w.org\/{rel}","templated":true}]}}