{"id":148006,"date":"2018-05-03T12:58:55","date_gmt":"2018-05-03T09:58:55","guid":{"rendered":"https:\/\/www.sana.sy\/tr\/?p=148006"},"modified":"2018-05-04T12:38:22","modified_gmt":"2018-05-04T09:38:22","slug":"deyrezzorda-firat-alisveris-festivali-basladi-video","status":"publish","type":"post","link":"https:\/\/archive.sana.sy\/tr\/?p=148006","title":{"rendered":"Deyrezzor\u2019da F\u0131rat Al\u0131\u015fveri\u015f Festivali Ba\u015flad\u0131 (video)"},"content":{"rendered":"<p>DEYREZZOR \u2013 Y\u0131llard\u0131r radikal ter\u00f6r \u00f6rg\u00fct\u00fc I\u015e\u0130D\u2019in ku\u015fatma ve sald\u0131r\u0131lar\u0131na maruz kalan Deyrezzor ve ahalisi ordu birliklerimiz taraf\u0131ndan kurtar\u0131lmalar\u0131 ard\u0131ndan yeniden normal ya\u015fam\u0131na d\u00f6n\u00fcyor.<a href=\"https:\/\/www.sana.sy\/tr\/wp-content\/uploads\/2018\/05\/6-6.jpg\"><img loading=\"lazy\" decoding=\"async\" class=\"alignright wp-image-148009 size-medium\" src=\"https:\/\/www.sana.sy\/tr\/wp-content\/uploads\/2018\/05\/6-6-300x175.jpg\" alt=\"\" width=\"300\" height=\"175\" srcset=\"https:\/\/archive.sana.sy\/tr\/wp-content\/uploads\/2018\/05\/6-6-300x175.jpg 300w, https:\/\/archive.sana.sy\/tr\/wp-content\/uploads\/2018\/05\/6-6-150x87.jpg 150w, https:\/\/archive.sana.sy\/tr\/wp-content\/uploads\/2018\/05\/6-6-768x447.jpg 768w, https:\/\/archive.sana.sy\/tr\/wp-content\/uploads\/2018\/05\/6-6-1024x596.jpg 1024w, https:\/\/archive.sana.sy\/tr\/wp-content\/uploads\/2018\/05\/6-6.jpg 1200w\" sizes=\"auto, (max-width: 300px) 100vw, 300px\" \/><\/a><\/p>\n<p>Bu ba\u011flamda Deyrezzor Ticaret Odas\u0131 ve Suriye Ticaret Kurumu \u015eam ve \u00c7evre Kent Sanayi Odas\u0131 ile i\u015fbirli\u011fi i\u00e7inde F\u0131rat Al\u0131\u015fveri\u015f Festivalinin faaliyetlerini ba\u015flatt\u0131.<\/p>\n<p>D\u00fcn ak\u015fam saatlerinde kitlesel yo\u011fun bir ilgi ile a\u00e7\u0131l\u0131\u015f\u0131 yap\u0131lan ve 8 May\u0131s tarihine dek s\u00fcrecek olan festivale 20\u2019si il haricinden olmak \u00fczere 20 ticari \u015firket kat\u0131l\u0131yor. Festivalde Deyrezzor ahalisine uygun fiyat ve kalitede farkl\u0131 t\u00fcketim ve g\u0131da \u00fcr\u00fcnleri yer al\u0131rken, indirim ve kampanyalar da bulunuyor.<\/p>\n<p>https:\/\/www.youtube.com\/watch?v=3XRvWk3FX-0<\/p>\n<div id='gallery-1' class='gallery galleryid-148006 gallery-columns-1 gallery-size-large'><figure class='gallery-item'>\n\t\t\t<div class='gallery-icon landscape'>\n\t\t\t\t<a href='https:\/\/archive.sana.sy\/tr\/wp-content\/uploads\/2018\/05\/1-41.jpg'><img loading=\"lazy\" decoding=\"async\" width=\"618\" height=\"411\" src=\"https:\/\/archive.sana.sy\/tr\/wp-content\/uploads\/2018\/05\/1-41-1024x681.jpg\" class=\"attachment-large size-large\" alt=\"\" srcset=\"https:\/\/archive.sana.sy\/tr\/wp-content\/uploads\/2018\/05\/1-41-1024x681.jpg 1024w, https:\/\/archive.sana.sy\/tr\/wp-content\/uploads\/2018\/05\/1-41-150x100.jpg 150w, https:\/\/archive.sana.sy\/tr\/wp-content\/uploads\/2018\/05\/1-41-300x200.jpg 300w, https:\/\/archive.sana.sy\/tr\/wp-content\/uploads\/2018\/05\/1-41-768x511.jpg 768w, https:\/\/archive.sana.sy\/tr\/wp-content\/uploads\/2018\/05\/1-41-310x205.jpg 310w, https:\/\/archive.sana.sy\/tr\/wp-content\/uploads\/2018\/05\/1-41.jpg 1200w\" sizes=\"auto, (max-width: 618px) 100vw, 618px\" \/><\/a>\n\t\t\t<\/div><\/figure><figure class='gallery-item'>\n\t\t\t<div class='gallery-icon landscape'>\n\t\t\t\t<a href='https:\/\/archive.sana.sy\/tr\/wp-content\/uploads\/2018\/05\/2-20.jpg'><img loading=\"lazy\" decoding=\"async\" width=\"618\" height=\"360\" src=\"https:\/\/archive.sana.sy\/tr\/wp-content\/uploads\/2018\/05\/2-20-1024x596.jpg\" class=\"attachment-large size-large\" alt=\"\" srcset=\"https:\/\/archive.sana.sy\/tr\/wp-content\/uploads\/2018\/05\/2-20-1024x596.jpg 1024w, https:\/\/archive.sana.sy\/tr\/wp-content\/uploads\/2018\/05\/2-20-150x87.jpg 150w, https:\/\/archive.sana.sy\/tr\/wp-content\/uploads\/2018\/05\/2-20-300x175.jpg 300w, https:\/\/archive.sana.sy\/tr\/wp-content\/uploads\/2018\/05\/2-20-768x447.jpg 768w, https:\/\/archive.sana.sy\/tr\/wp-content\/uploads\/2018\/05\/2-20.jpg 1200w\" sizes=\"auto, (max-width: 618px) 100vw, 618px\" \/><\/a>\n\t\t\t<\/div><\/figure><figure class='gallery-item'>\n\t\t\t<div class='gallery-icon landscape'>\n\t\t\t\t<a href='https:\/\/archive.sana.sy\/tr\/wp-content\/uploads\/2018\/05\/3-13.jpg'><img loading=\"lazy\" decoding=\"async\" width=\"618\" height=\"360\" src=\"https:\/\/archive.sana.sy\/tr\/wp-content\/uploads\/2018\/05\/3-13-1024x596.jpg\" class=\"attachment-large size-large\" alt=\"\" srcset=\"https:\/\/archive.sana.sy\/tr\/wp-content\/uploads\/2018\/05\/3-13-1024x596.jpg 1024w, https:\/\/archive.sana.sy\/tr\/wp-content\/uploads\/2018\/05\/3-13-150x87.jpg 150w, https:\/\/archive.sana.sy\/tr\/wp-content\/uploads\/2018\/05\/3-13-300x175.jpg 300w, https:\/\/archive.sana.sy\/tr\/wp-content\/uploads\/2018\/05\/3-13-768x447.jpg 768w, https:\/\/archive.sana.sy\/tr\/wp-content\/uploads\/2018\/05\/3-13.jpg 1200w\" sizes=\"auto, (max-width: 618px) 100vw, 618px\" \/><\/a>\n\t\t\t<\/div><\/figure><figure class='gallery-item'>\n\t\t\t<div class='gallery-icon landscape'>\n\t\t\t\t<a href='https:\/\/archive.sana.sy\/tr\/wp-content\/uploads\/2018\/05\/4-9.jpg'><img loading=\"lazy\" decoding=\"async\" width=\"618\" height=\"352\" src=\"https:\/\/archive.sana.sy\/tr\/wp-content\/uploads\/2018\/05\/4-9-1024x584.jpg\" class=\"attachment-large size-large\" alt=\"\" srcset=\"https:\/\/archive.sana.sy\/tr\/wp-content\/uploads\/2018\/05\/4-9-1024x584.jpg 1024w, https:\/\/archive.sana.sy\/tr\/wp-content\/uploads\/2018\/05\/4-9-150x86.jpg 150w, https:\/\/archive.sana.sy\/tr\/wp-content\/uploads\/2018\/05\/4-9-300x171.jpg 300w, https:\/\/archive.sana.sy\/tr\/wp-content\/uploads\/2018\/05\/4-9-768x438.jpg 768w, https:\/\/archive.sana.sy\/tr\/wp-content\/uploads\/2018\/05\/4-9.jpg 1200w\" sizes=\"auto, (max-width: 618px) 100vw, 618px\" \/><\/a>\n\t\t\t<\/div><\/figure><figure class='gallery-item'>\n\t\t\t<div class='gallery-icon landscape'>\n\t\t\t\t<a href='https:\/\/archive.sana.sy\/tr\/wp-content\/uploads\/2018\/05\/5-9.jpg'><img loading=\"lazy\" decoding=\"async\" width=\"618\" height=\"360\" src=\"https:\/\/archive.sana.sy\/tr\/wp-content\/uploads\/2018\/05\/5-9-1024x596.jpg\" class=\"attachment-large size-large\" alt=\"\" srcset=\"https:\/\/archive.sana.sy\/tr\/wp-content\/uploads\/2018\/05\/5-9-1024x596.jpg 1024w, https:\/\/archive.sana.sy\/tr\/wp-content\/uploads\/2018\/05\/5-9-150x87.jpg 150w, https:\/\/archive.sana.sy\/tr\/wp-content\/uploads\/2018\/05\/5-9-300x175.jpg 300w, https:\/\/archive.sana.sy\/tr\/wp-content\/uploads\/2018\/05\/5-9-768x447.jpg 768w, https:\/\/archive.sana.sy\/tr\/wp-content\/uploads\/2018\/05\/5-9.jpg 1200w\" sizes=\"auto, (max-width: 618px) 100vw, 618px\" \/><\/a>\n\t\t\t<\/div><\/figure>\n\t\t<\/div>\n\n","protected":false},"excerpt":{"rendered":"<p>DEYREZZOR \u2013 Y\u0131llard\u0131r radikal ter\u00f6r \u00f6rg\u00fct\u00fc I\u015e\u0130D\u2019in ku\u015fatma ve sald\u0131r\u0131lar\u0131na maruz kalan Deyrezzor ve ahalisi ordu birliklerimiz taraf\u0131ndan kurtar\u0131lmalar\u0131 ard\u0131ndan yeniden normal ya\u015fam\u0131na d\u00f6n\u00fcyor. Bu ba\u011flamda Deyrezzor Ticaret Odas\u0131 ve Suriye Ticaret Kurumu \u015eam ve \u00c7evre Kent Sanayi Odas\u0131 ile i\u015fbirli\u011fi i\u00e7inde F\u0131rat Al\u0131\u015fveri\u015f Festivalinin faaliyetlerini ba\u015flatt\u0131. D\u00fcn ak\u015fam saatlerinde kitlesel yo\u011fun bir ilgi ile &hellip;<\/p>\n","protected":false},"author":1,"featured_media":148015,"comment_status":"closed","ping_status":"closed","sticky":false,"template":"","format":"standard","meta":{"footnotes":""},"categories":[485,596,486,479,17988,478],"tags":[],"class_list":["post-148006","post","type-post","status-publish","format-standard","has-post-thumbnail","","category-is-ve-sermaye","category-fotografli-raporlar","category-haberler-is-ve-sermaye","category-haberler-yerel","category-son-haberler","category-yerel"],"_links":{"self":[{"href":"https:\/\/archive.sana.sy\/tr\/index.php?rest_route=\/wp\/v2\/posts\/148006","targetHints":{"allow":["GET"]}}],"collection":[{"href":"https:\/\/archive.sana.sy\/tr\/index.php?rest_route=\/wp\/v2\/posts"}],"about":[{"href":"https:\/\/archive.sana.sy\/tr\/index.php?rest_route=\/wp\/v2\/types\/post"}],"author":[{"embeddable":true,"href":"https:\/\/archive.sana.sy\/tr\/index.php?rest_route=\/wp\/v2\/users\/1"}],"replies":[{"embeddable":true,"href":"https:\/\/archive.sana.sy\/tr\/index.php?rest_route=%2Fwp%2Fv2%2Fcomments&post=148006"}],"version-history":[{"count":0,"href":"https:\/\/archive.sana.sy\/tr\/index.php?rest_route=\/wp\/v2\/posts\/148006\/revisions"}],"wp:featuredmedia":[{"embeddable":true,"href":"https:\/\/archive.sana.sy\/tr\/index.php?rest_route=\/wp\/v2\/media\/148015"}],"wp:attachment":[{"href":"https:\/\/archive.sana.sy\/tr\/index.php?rest_route=%2Fwp%2Fv2%2Fmedia&parent=148006"}],"wp:term":[{"taxonomy":"category","embeddable":true,"href":"https:\/\/archive.sana.sy\/tr\/index.php?rest_route=%2Fwp%2Fv2%2Fcategories&post=148006"},{"taxonomy":"post_tag","embeddable":true,"href":"https:\/\/archive.sana.sy\/tr\/index.php?rest_route=%2Fwp%2Fv2%2Ftags&post=148006"}],"curies":[{"name":"wp","href":"https:\/\/api.w.org\/{rel}","templated":true}]}}