{"id":148024,"date":"2018-05-03T13:44:23","date_gmt":"2018-05-03T10:44:23","guid":{"rendered":"https:\/\/www.sana.sy\/tr\/?p=148024"},"modified":"2018-05-04T12:36:34","modified_gmt":"2018-05-04T09:36:34","slug":"hasekede-230-bin-ton-bugday-uretimi-bekleniyor","status":"publish","type":"post","link":"https:\/\/archive.sana.sy\/tr\/?p=148024","title":{"rendered":"Haseke\u2019de 230 Bin Ton Bu\u011fday \u00dcretimi Bekleniyor"},"content":{"rendered":"<p>HASEKE \u2013 Haseke \u0130l Tar\u0131m M\u00fcd\u00fcrl\u00fc\u011f\u00fc bu sezon Haseke \u0130linde bu\u011fday ekili 92 hektar sulu alan ve 320 hektar susuz alandan 230 bin ton bu\u011fday \u00fcretimi beklendi\u011fini a\u00e7\u0131klad\u0131.<\/p>\n<p>\u0130l Tar\u0131m M\u00fcd\u00fcr\u00fc Amir Sello m\u00fcd\u00fcrl\u00fc\u011fe tabi komitelerin bu\u011fday ekili alanlarda bulunduklar\u0131 ke\u015fif ve incelemeleri neticesinde tespit ettikleri bu rakam\u0131n genelde sulu alanlara dayand\u0131\u011f\u0131n\u0131 belirtti. Sello susuz alanlar\u0131n ise ge\u00e7en Mart ay\u0131nda ya\u011f\u0131\u015flar\u0131n az olmas\u0131 nedeniyle pek verimli olmad\u0131\u011f\u0131n\u0131 s\u00f6yledi.<\/p>\n<p>Hasat i\u015flemlerinin \u00f6n\u00fcm\u00fczdeki ayda il k\u0131rsal\u0131n\u0131n g\u00fcneyinden itibaren ba\u015flayaca\u011f\u0131n\u0131 ifade eden Sello; bu\u011fdaylar\u0131 \u00e7ift\u00e7ilerden sat\u0131n alma i\u015flemlerinin yak\u0131n bir s\u00fcre i\u00e7inde yap\u0131lacak toplant\u0131da masaya yat\u0131r\u0131laca\u011f\u0131n\u0131 belirtti.<\/p>\n<p>Bu arada ge\u00e7en sezonda Kam\u0131\u015fl\u0131\u2019daki Tah\u0131l \u00dcretim ve Pazarlama Kurumu Haseke \u00e7ift\u00e7ilerinden toplam 183 bin ton bu\u011fday sat\u0131n alm\u0131\u015ft\u0131. Bu rakam bir \u00f6nceki sezonda ise 200 bin tonu a\u015fm\u0131\u015ft\u0131.<\/p>\n","protected":false},"excerpt":{"rendered":"<p>HASEKE \u2013 Haseke \u0130l Tar\u0131m M\u00fcd\u00fcrl\u00fc\u011f\u00fc bu sezon Haseke \u0130linde bu\u011fday ekili 92 hektar sulu alan ve 320 hektar susuz alandan 230 bin ton bu\u011fday \u00fcretimi beklendi\u011fini a\u00e7\u0131klad\u0131. \u0130l Tar\u0131m M\u00fcd\u00fcr\u00fc Amir Sello m\u00fcd\u00fcrl\u00fc\u011fe tabi komitelerin bu\u011fday ekili alanlarda bulunduklar\u0131 ke\u015fif ve incelemeleri neticesinde tespit ettikleri bu rakam\u0131n genelde sulu alanlara dayand\u0131\u011f\u0131n\u0131 belirtti. Sello susuz &hellip;<\/p>\n","protected":false},"author":1,"featured_media":148025,"comment_status":"closed","ping_status":"closed","sticky":false,"template":"","format":"standard","meta":{"footnotes":""},"categories":[485,486,17988],"tags":[36077,1140,16591,29874,24077,22181,36076],"class_list":["post-148024","post","type-post","status-publish","format-standard","has-post-thumbnail","","category-is-ve-sermaye","category-haberler-is-ve-sermaye","category-son-haberler","tag-bugday-uretimi","tag-haseke","tag-suriye","tag-suriye-bugdayi","tag-suriyede-tarim","tag-suriyeliler","tag-tahil-ekimi"],"_links":{"self":[{"href":"https:\/\/archive.sana.sy\/tr\/index.php?rest_route=\/wp\/v2\/posts\/148024","targetHints":{"allow":["GET"]}}],"collection":[{"href":"https:\/\/archive.sana.sy\/tr\/index.php?rest_route=\/wp\/v2\/posts"}],"about":[{"href":"https:\/\/archive.sana.sy\/tr\/index.php?rest_route=\/wp\/v2\/types\/post"}],"author":[{"embeddable":true,"href":"https:\/\/archive.sana.sy\/tr\/index.php?rest_route=\/wp\/v2\/users\/1"}],"replies":[{"embeddable":true,"href":"https:\/\/archive.sana.sy\/tr\/index.php?rest_route=%2Fwp%2Fv2%2Fcomments&post=148024"}],"version-history":[{"count":0,"href":"https:\/\/archive.sana.sy\/tr\/index.php?rest_route=\/wp\/v2\/posts\/148024\/revisions"}],"wp:featuredmedia":[{"embeddable":true,"href":"https:\/\/archive.sana.sy\/tr\/index.php?rest_route=\/wp\/v2\/media\/148025"}],"wp:attachment":[{"href":"https:\/\/archive.sana.sy\/tr\/index.php?rest_route=%2Fwp%2Fv2%2Fmedia&parent=148024"}],"wp:term":[{"taxonomy":"category","embeddable":true,"href":"https:\/\/archive.sana.sy\/tr\/index.php?rest_route=%2Fwp%2Fv2%2Fcategories&post=148024"},{"taxonomy":"post_tag","embeddable":true,"href":"https:\/\/archive.sana.sy\/tr\/index.php?rest_route=%2Fwp%2Fv2%2Ftags&post=148024"}],"curies":[{"name":"wp","href":"https:\/\/api.w.org\/{rel}","templated":true}]}}