{"id":148168,"date":"2018-05-04T14:01:58","date_gmt":"2018-05-04T11:01:58","guid":{"rendered":"https:\/\/www.sana.sy\/tr\/?p=148168"},"modified":"2018-05-04T14:01:58","modified_gmt":"2018-05-04T11:01:58","slug":"halep-il-emniyet-mudurlugunde-bir-kaynak-sanaya-aciklamalarinda-zehra-cemiyetinde-bulunan-dis-guclere-tabi-radikal-terorislterinsehba-semtine-fuzeyle-saldirmalari-sonucunda-3-sivil-vatandasi","status":"publish","type":"post","link":"https:\/\/archive.sana.sy\/tr\/?p=148168","title":{"rendered":"Halep \u0130l Emniyet M\u00fcd\u00fcrl\u00fc\u011f\u00fcnde bir kaynak SANA\u2019ya a\u00e7\u0131klamalar\u0131nda; Zehra Cemiyetinde bulunan d\u0131\u015f g\u00fc\u00e7lere tabi radikal ter\u00f6rislterin\u015eehba Semtine f\u00fczeyle sald\u0131rmalar\u0131 sonucunda 3 sivil vatanda\u015f\u0131n yaraland\u0131\u011f\u0131n\u0131 belirtti\u200f"},"content":{"rendered":"<p>Halep \u0130l Emniyet M\u00fcd\u00fcrl\u00fc\u011f\u00fcnde bir kaynak SANA\u2019ya a\u00e7\u0131klamalar\u0131nda; Zehra Cemiyetinde bulunan d\u0131\u015f g\u00fc\u00e7lere tabi radikal ter\u00f6rislterin\u015eehba Semtine f\u00fczeyle sald\u0131rmalar\u0131 sonucunda 3 sivil vatanda\u015f\u0131n yaraland\u0131\u011f\u0131n\u0131 belirtti\u200f<\/p>\n","protected":false},"excerpt":{"rendered":"<p>Halep \u0130l Emniyet M\u00fcd\u00fcrl\u00fc\u011f\u00fcnde bir kaynak SANA\u2019ya a\u00e7\u0131klamalar\u0131nda; Zehra Cemiyetinde bulunan d\u0131\u015f g\u00fc\u00e7lere tabi radikal ter\u00f6rislterin\u015eehba Semtine f\u00fczeyle sald\u0131rmalar\u0131 sonucunda 3 sivil vatanda\u015f\u0131n yaraland\u0131\u011f\u0131n\u0131 belirtti\u200f<\/p>\n","protected":false},"author":1,"featured_media":0,"comment_status":"closed","ping_status":"closed","sticky":false,"template":"","format":"standard","meta":{"footnotes":""},"categories":[17991],"tags":[],"class_list":["post-148168","post","type-post","status-publish","format-standard","","category-son-dakika"],"_links":{"self":[{"href":"https:\/\/archive.sana.sy\/tr\/index.php?rest_route=\/wp\/v2\/posts\/148168","targetHints":{"allow":["GET"]}}],"collection":[{"href":"https:\/\/archive.sana.sy\/tr\/index.php?rest_route=\/wp\/v2\/posts"}],"about":[{"href":"https:\/\/archive.sana.sy\/tr\/index.php?rest_route=\/wp\/v2\/types\/post"}],"author":[{"embeddable":true,"href":"https:\/\/archive.sana.sy\/tr\/index.php?rest_route=\/wp\/v2\/users\/1"}],"replies":[{"embeddable":true,"href":"https:\/\/archive.sana.sy\/tr\/index.php?rest_route=%2Fwp%2Fv2%2Fcomments&post=148168"}],"version-history":[{"count":0,"href":"https:\/\/archive.sana.sy\/tr\/index.php?rest_route=\/wp\/v2\/posts\/148168\/revisions"}],"wp:attachment":[{"href":"https:\/\/archive.sana.sy\/tr\/index.php?rest_route=%2Fwp%2Fv2%2Fmedia&parent=148168"}],"wp:term":[{"taxonomy":"category","embeddable":true,"href":"https:\/\/archive.sana.sy\/tr\/index.php?rest_route=%2Fwp%2Fv2%2Fcategories&post=148168"},{"taxonomy":"post_tag","embeddable":true,"href":"https:\/\/archive.sana.sy\/tr\/index.php?rest_route=%2Fwp%2Fv2%2Ftags&post=148168"}],"curies":[{"name":"wp","href":"https:\/\/api.w.org\/{rel}","templated":true}]}}