{"id":148179,"date":"2018-05-04T16:27:12","date_gmt":"2018-05-04T13:27:12","guid":{"rendered":"https:\/\/www.sana.sy\/tr\/?p=148179"},"modified":"2018-05-05T11:50:35","modified_gmt":"2018-05-05T08:50:35","slug":"sivil-yerlesim-alanlarina-fuze-saldirilari-devam-ediyor-2","status":"publish","type":"post","link":"https:\/\/archive.sana.sy\/tr\/?p=148179","title":{"rendered":"Sivil Yerle\u015fim Alanlar\u0131na F\u00fcze Sald\u0131r\u0131lar\u0131 Devam Ediyor"},"content":{"rendered":"<p>HALEP \u2013 Suriye ve halk\u0131na d\u00fc\u015fman d\u0131\u015f g\u00fc\u00e7lerin komuta ettikleri ter\u00f6ristler muhtelif b\u00f6lgelerde sivil yerle\u015fim alanlar\u0131na gaddar sald\u0131r\u0131lar\u0131n\u0131 s\u00fcrd\u00fcr\u00fcyor.<\/p>\n<p>Halep \u0130l Emniyet M\u00fcd\u00fcrl\u00fc\u011f\u00fcnde bir kaynak SANA\u2019ya a\u00e7\u0131klamalar\u0131nda; Zehra Cemiyetinde bulunan d\u0131\u015f g\u00fc\u00e7lere tabi radikal ter\u00f6ristlerin \u015eehba Semtine f\u00fczeyle sald\u0131rmalar\u0131 sonucunda 3 sivil vatanda\u015f\u0131n yaraland\u0131\u011f\u0131n\u0131 belirtti\u200f.<\/p>\n","protected":false},"excerpt":{"rendered":"<p>HALEP \u2013 Suriye ve halk\u0131na d\u00fc\u015fman d\u0131\u015f g\u00fc\u00e7lerin komuta ettikleri ter\u00f6ristler muhtelif b\u00f6lgelerde sivil yerle\u015fim alanlar\u0131na gaddar sald\u0131r\u0131lar\u0131n\u0131 s\u00fcrd\u00fcr\u00fcyor. Halep \u0130l Emniyet M\u00fcd\u00fcrl\u00fc\u011f\u00fcnde bir kaynak SANA\u2019ya a\u00e7\u0131klamalar\u0131nda; Zehra Cemiyetinde bulunan d\u0131\u015f g\u00fc\u00e7lere tabi radikal ter\u00f6ristlerin \u015eehba Semtine f\u00fczeyle sald\u0131rmalar\u0131 sonucunda 3 sivil vatanda\u015f\u0131n yaraland\u0131\u011f\u0131n\u0131 belirtti\u200f.<\/p>\n","protected":false},"author":1,"featured_media":148182,"comment_status":"closed","ping_status":"closed","sticky":false,"template":"","format":"standard","meta":{"footnotes":""},"categories":[479,575,17988,478],"tags":[],"class_list":["post-148179","post","type-post","status-publish","format-standard","has-post-thumbnail","","category-haberler-yerel","category-olaylar-ve-gercekler","category-son-haberler","category-yerel"],"_links":{"self":[{"href":"https:\/\/archive.sana.sy\/tr\/index.php?rest_route=\/wp\/v2\/posts\/148179","targetHints":{"allow":["GET"]}}],"collection":[{"href":"https:\/\/archive.sana.sy\/tr\/index.php?rest_route=\/wp\/v2\/posts"}],"about":[{"href":"https:\/\/archive.sana.sy\/tr\/index.php?rest_route=\/wp\/v2\/types\/post"}],"author":[{"embeddable":true,"href":"https:\/\/archive.sana.sy\/tr\/index.php?rest_route=\/wp\/v2\/users\/1"}],"replies":[{"embeddable":true,"href":"https:\/\/archive.sana.sy\/tr\/index.php?rest_route=%2Fwp%2Fv2%2Fcomments&post=148179"}],"version-history":[{"count":0,"href":"https:\/\/archive.sana.sy\/tr\/index.php?rest_route=\/wp\/v2\/posts\/148179\/revisions"}],"wp:featuredmedia":[{"embeddable":true,"href":"https:\/\/archive.sana.sy\/tr\/index.php?rest_route=\/wp\/v2\/media\/148182"}],"wp:attachment":[{"href":"https:\/\/archive.sana.sy\/tr\/index.php?rest_route=%2Fwp%2Fv2%2Fmedia&parent=148179"}],"wp:term":[{"taxonomy":"category","embeddable":true,"href":"https:\/\/archive.sana.sy\/tr\/index.php?rest_route=%2Fwp%2Fv2%2Fcategories&post=148179"},{"taxonomy":"post_tag","embeddable":true,"href":"https:\/\/archive.sana.sy\/tr\/index.php?rest_route=%2Fwp%2Fv2%2Ftags&post=148179"}],"curies":[{"name":"wp","href":"https:\/\/api.w.org\/{rel}","templated":true}]}}