{"id":14830,"date":"2014-11-06T14:04:55","date_gmt":"2014-11-06T12:04:55","guid":{"rendered":"http:\/\/www.sana.sy\/tr\/?p=14830"},"modified":"2014-11-06T14:04:55","modified_gmt":"2014-11-06T12:04:55","slug":"tazminatlar-adil-ve-duzenli-bir-sekilde-dagitilmalidir","status":"publish","type":"post","link":"https:\/\/archive.sana.sy\/tr\/?p=14830","title":{"rendered":"Tazminatlar Adil ve D\u00fczenli Bir \u015eekilde Da\u011f\u0131t\u0131lmal\u0131d\u0131r"},"content":{"rendered":"<p>HAMA \u2013 Yeniden \u0130mar ve Tazminat Komitesinin Hama il \u015fubesyiyel bug\u00fcn bir araya gelen Hama Valisi Gassan Halef; kriz nedeniyle \u00f6zel m\u00fclkleri zarar g\u00f6ren vatanda\u015flara tazminatlar\u0131n d\u00fczenli ve adil bir \u015fekilde da\u011f\u0131t\u0131lmas\u0131 \u00f6neminin alt\u0131n\u0131 \u00e7izdi.<\/p>\n<p>Tazminat ba\u015fvurular\u0131n\u0131n dakik ve d\u00fcr\u00fcst bir \u015fekilde tetkik edilmesi gere\u011fini ifade eden Vali Halef; \u00f6zel m\u00fclkleri hasar g\u00f6ren vatanda\u015flara gerekli kolayl\u0131klar\u0131 sa\u011flama ve hakkettikleri tazminat\u0131 \u00f6deme \u00f6neminin alt\u0131n\u0131 \u00e7izdi.<\/p>\n<p>Komitenin hama il sorumlusu H\u00fcseyin Hayrbek; ba\u015fvuru tarihinin 18\/03\/2012 tarihinde ba\u015flamas\u0131ndan 30 Haziran tarihine dek tazminat\u0131n \u00f6denmesi i\u00e7in onaylanan ba\u015fvuru say\u0131s\u0131n\u0131n 18312 oldu\u011funu, tazminat hacminin ise toplam olarak 35 milyar liray\u0131 a\u015ft\u0131\u011f\u0131n\u0131 a\u00e7\u0131klad\u0131.<\/p>\n<p>Hayrbek Temmuz ay\u0131ndan 30 Eyl\u00fcl tarihine dek yap\u0131lan 1043 tazminat ba\u015fvurusunda ise hasar hacminin 2 milyar 189 milyon oldu\u011funa dikkat \u00e7ekti.<\/p>\n","protected":false},"excerpt":{"rendered":"<p>HAMA \u2013 Yeniden \u0130mar ve Tazminat Komitesinin Hama il \u015fubesyiyel bug\u00fcn bir araya gelen Hama Valisi Gassan Halef; kriz nedeniyle \u00f6zel m\u00fclkleri zarar g\u00f6ren vatanda\u015flara tazminatlar\u0131n d\u00fczenli ve adil bir \u015fekilde da\u011f\u0131t\u0131lmas\u0131 \u00f6neminin alt\u0131n\u0131 \u00e7izdi. Tazminat ba\u015fvurular\u0131n\u0131n dakik ve d\u00fcr\u00fcst bir \u015fekilde tetkik edilmesi gere\u011fini ifade eden Vali Halef; \u00f6zel m\u00fclkleri hasar g\u00f6ren vatanda\u015flara gerekli &hellip;<\/p>\n","protected":false},"author":1,"featured_media":14831,"comment_status":"closed","ping_status":"closed","sticky":false,"template":"","format":"standard","meta":{"footnotes":""},"categories":[485,486,479,478],"tags":[5196,5195],"class_list":["post-14830","post","type-post","status-publish","format-standard","has-post-thumbnail","","category-is-ve-sermaye","category-haberler-is-ve-sermaye","category-haberler-yerel","category-yerel","tag-tazminat-hacminin-ise-toplam-olarak-35-milyar-lirayi-astigini-acikladi-hayrbek-temmuz-ayindan-30-eylul-tarihine-dek-yapilan-1043-tazminat-basvurusunda-ise-hasar-hacminin-2-milyar-189-milyon-olduguna","tag-tazminatlar-adil-ve-duzenli-bir-sekilde-dagitilmalidir-hama-yeniden-imar-ve-tazminat-komitesinin-hama-il-subesyiyel-bugun-bir-araya-gelen-hama-valisi-gassan-halef-kriz-nedeniyle-ozel-mulkle"],"_links":{"self":[{"href":"https:\/\/archive.sana.sy\/tr\/index.php?rest_route=\/wp\/v2\/posts\/14830","targetHints":{"allow":["GET"]}}],"collection":[{"href":"https:\/\/archive.sana.sy\/tr\/index.php?rest_route=\/wp\/v2\/posts"}],"about":[{"href":"https:\/\/archive.sana.sy\/tr\/index.php?rest_route=\/wp\/v2\/types\/post"}],"author":[{"embeddable":true,"href":"https:\/\/archive.sana.sy\/tr\/index.php?rest_route=\/wp\/v2\/users\/1"}],"replies":[{"embeddable":true,"href":"https:\/\/archive.sana.sy\/tr\/index.php?rest_route=%2Fwp%2Fv2%2Fcomments&post=14830"}],"version-history":[{"count":0,"href":"https:\/\/archive.sana.sy\/tr\/index.php?rest_route=\/wp\/v2\/posts\/14830\/revisions"}],"wp:featuredmedia":[{"embeddable":true,"href":"https:\/\/archive.sana.sy\/tr\/index.php?rest_route=\/wp\/v2\/media\/14831"}],"wp:attachment":[{"href":"https:\/\/archive.sana.sy\/tr\/index.php?rest_route=%2Fwp%2Fv2%2Fmedia&parent=14830"}],"wp:term":[{"taxonomy":"category","embeddable":true,"href":"https:\/\/archive.sana.sy\/tr\/index.php?rest_route=%2Fwp%2Fv2%2Fcategories&post=14830"},{"taxonomy":"post_tag","embeddable":true,"href":"https:\/\/archive.sana.sy\/tr\/index.php?rest_route=%2Fwp%2Fv2%2Ftags&post=14830"}],"curies":[{"name":"wp","href":"https:\/\/api.w.org\/{rel}","templated":true}]}}