{"id":148303,"date":"2018-05-06T12:00:44","date_gmt":"2018-05-06T09:00:44","guid":{"rendered":"https:\/\/www.sana.sy\/tr\/?p=148303"},"modified":"2018-05-07T15:03:31","modified_gmt":"2018-05-07T12:03:31","slug":"lubnan-israilin-suriyeye-herhangi-bir-saldirisina-karsidir","status":"publish","type":"post","link":"https:\/\/archive.sana.sy\/tr\/?p=148303","title":{"rendered":"L\u00fcbnan, \u0130srail\u2019in Suriye&#8217;ye Herhangi Bir Sald\u0131r\u0131s\u0131na Kar\u015f\u0131d\u0131r"},"content":{"rendered":"<p>BEYRUT \u2013 L\u00fcbnan Cumhurba\u015fkan\u0131 Mi\u015fel Avn L\u00fcbnan\u2019\u0131n, i\u015fgalci \u0130srail&#8217;in Suriye ya da herhangi bir b\u00f6lge devletine kar\u015f\u0131 sald\u0131r\u0131da bulunmas\u0131na kar\u015f\u0131 tutumunu vurgulad\u0131.<\/p>\n<p>L\u00fcbnan\u2019da parlamento se\u00e7imlerinin ba\u015flamas\u0131 arifesinde d\u00fcn \u0130ngiliz BBC \u015eebekesine deme\u00e7 veren Avn; \u0130srail\u2019in herhangi bir b\u00f6lge devletine sald\u0131rmas\u0131n\u0131n L\u00fcbnan taraf\u0131ndan kabul edilemez oldu\u011funun alt\u0131n\u0131 \u00e7izdi. Avn; Suriye&#8217;nin L\u00fcbnan\u2019a en yak\u0131n \u00fclke oldu\u011funa dikkat \u00e7ekerken, \u0130srail\u2019in Suriye&#8217;ye herhangi bir \u015fekilde sald\u0131r\u0131da bulunmas\u0131n\u0131n mutlak bir \u015fekilde reddedildi\u011fini vurgulad\u0131.<\/p>\n","protected":false},"excerpt":{"rendered":"<p>BEYRUT \u2013 L\u00fcbnan Cumhurba\u015fkan\u0131 Mi\u015fel Avn L\u00fcbnan\u2019\u0131n, i\u015fgalci \u0130srail&#8217;in Suriye ya da herhangi bir b\u00f6lge devletine kar\u015f\u0131 sald\u0131r\u0131da bulunmas\u0131na kar\u015f\u0131 tutumunu vurgulad\u0131. L\u00fcbnan\u2019da parlamento se\u00e7imlerinin ba\u015flamas\u0131 arifesinde d\u00fcn \u0130ngiliz BBC \u015eebekesine deme\u00e7 veren Avn; \u0130srail\u2019in herhangi bir b\u00f6lge devletine sald\u0131rmas\u0131n\u0131n L\u00fcbnan taraf\u0131ndan kabul edilemez oldu\u011funun alt\u0131n\u0131 \u00e7izdi. Avn; Suriye&#8217;nin L\u00fcbnan\u2019a en yak\u0131n \u00fclke oldu\u011funa dikkat &hellip;<\/p>\n","protected":false},"author":1,"featured_media":148304,"comment_status":"closed","ping_status":"closed","sticky":false,"template":"","format":"standard","meta":{"footnotes":""},"categories":[458,459,17988],"tags":[23924,7321,32500,25004,16591,19314],"class_list":["post-148303","post","type-post","status-publish","format-standard","has-post-thumbnail","","category-dunya1","category-haberler-arap-uluslararasi-politika","category-son-haberler","tag-israil-saldirisi","tag-lubnan","tag-lubnan-baskani","tag-misel-avn","tag-suriye","tag-suriyeye-saldiri"],"_links":{"self":[{"href":"https:\/\/archive.sana.sy\/tr\/index.php?rest_route=\/wp\/v2\/posts\/148303","targetHints":{"allow":["GET"]}}],"collection":[{"href":"https:\/\/archive.sana.sy\/tr\/index.php?rest_route=\/wp\/v2\/posts"}],"about":[{"href":"https:\/\/archive.sana.sy\/tr\/index.php?rest_route=\/wp\/v2\/types\/post"}],"author":[{"embeddable":true,"href":"https:\/\/archive.sana.sy\/tr\/index.php?rest_route=\/wp\/v2\/users\/1"}],"replies":[{"embeddable":true,"href":"https:\/\/archive.sana.sy\/tr\/index.php?rest_route=%2Fwp%2Fv2%2Fcomments&post=148303"}],"version-history":[{"count":0,"href":"https:\/\/archive.sana.sy\/tr\/index.php?rest_route=\/wp\/v2\/posts\/148303\/revisions"}],"wp:featuredmedia":[{"embeddable":true,"href":"https:\/\/archive.sana.sy\/tr\/index.php?rest_route=\/wp\/v2\/media\/148304"}],"wp:attachment":[{"href":"https:\/\/archive.sana.sy\/tr\/index.php?rest_route=%2Fwp%2Fv2%2Fmedia&parent=148303"}],"wp:term":[{"taxonomy":"category","embeddable":true,"href":"https:\/\/archive.sana.sy\/tr\/index.php?rest_route=%2Fwp%2Fv2%2Fcategories&post=148303"},{"taxonomy":"post_tag","embeddable":true,"href":"https:\/\/archive.sana.sy\/tr\/index.php?rest_route=%2Fwp%2Fv2%2Ftags&post=148303"}],"curies":[{"name":"wp","href":"https:\/\/api.w.org\/{rel}","templated":true}]}}