{"id":148328,"date":"2018-05-06T14:10:57","date_gmt":"2018-05-06T11:10:57","guid":{"rendered":"https:\/\/www.sana.sy\/tr\/?p=148328"},"modified":"2018-05-07T15:02:49","modified_gmt":"2018-05-07T12:02:49","slug":"suriye-ikonu-projesi-basliyor","status":"publish","type":"post","link":"https:\/\/archive.sana.sy\/tr\/?p=148328","title":{"rendered":"Suriye \u0130konu Projesi Ba\u015fl\u0131yor"},"content":{"rendered":"<p>\u015eAM \u2013 Yurt genelinde ba\u015flat\u0131lan Suriye \u0130konu Projesi bug\u00fcn ak\u015fam saatlerinde Sanat\u00e7\u0131lar Sendikas\u0131 Lazkiye \u0130l \u015eubesi ekibinin Milli Tiyatro Salonunda sunaca\u011f\u0131 sunumlarla faaliyetlerine ba\u015fl\u0131yor.<\/p>\n<p>Sanat\u00e7\u0131lar Sendikas\u0131n\u0131n organizasyonunu yapt\u0131\u011f\u0131 proje ilk\u00f6\u011fretim ve lise okullar\u0131nda sanatsal yetenekleri olan \u00f6\u011frencilerin bu yeteneklerini peki\u015ftirip g\u00fc\u00e7lendirmelerine destek ve te\u015fvik amac\u0131 ta\u015f\u0131yor. Bu ba\u011flamda t\u00fcm illerde uzman komiteler te\u015fkil edilip faaliyetlerin organize edildi\u011fi projede, 12 17 ya\u015flar\u0131 aras\u0131 \u00e7ocuklar i\u00e7in e\u011fitim ve destek at\u00f6lyeleri de kuruldu.<\/p>\n<p>Sanat\u00e7\u0131lar Sendikas\u0131 Ba\u015fkan\u0131 Z\u00fcheyr Ramazan projede odaklan\u0131lan konular aras\u0131nda ulusal birlik, ho\u015fg\u00f6r\u00fc ve ortak ya\u015fam ilkelerinin yer ald\u0131\u011f\u0131n\u0131 ifade ederken, yeni Suriye&#8217;yi yap\u0131land\u0131rma ve kalk\u0131nd\u0131rmada ortak \u00e7al\u0131\u015fma kavram\u0131n\u0131n ama\u00e7land\u0131\u011f\u0131n\u0131 s\u00f6yledi.<\/p>\n","protected":false},"excerpt":{"rendered":"<p>\u015eAM \u2013 Yurt genelinde ba\u015flat\u0131lan Suriye \u0130konu Projesi bug\u00fcn ak\u015fam saatlerinde Sanat\u00e7\u0131lar Sendikas\u0131 Lazkiye \u0130l \u015eubesi ekibinin Milli Tiyatro Salonunda sunaca\u011f\u0131 sunumlarla faaliyetlerine ba\u015fl\u0131yor. Sanat\u00e7\u0131lar Sendikas\u0131n\u0131n organizasyonunu yapt\u0131\u011f\u0131 proje ilk\u00f6\u011fretim ve lise okullar\u0131nda sanatsal yetenekleri olan \u00f6\u011frencilerin bu yeteneklerini peki\u015ftirip g\u00fc\u00e7lendirmelerine destek ve te\u015fvik amac\u0131 ta\u015f\u0131yor. Bu ba\u011flamda t\u00fcm illerde uzman komiteler te\u015fkil edilip faaliyetlerin &hellip;<\/p>\n","protected":false},"author":1,"featured_media":148329,"comment_status":"closed","ping_status":"closed","sticky":false,"template":"","format":"standard","meta":{"footnotes":""},"categories":[516,511,17988],"tags":[4026,2755,36105,18624,36104,36103,24868,22181,25386],"class_list":["post-148328","post","type-post","status-publish","format-standard","has-post-thumbnail","","category-haberler-kultur-ve-sanat","category-kultur-ve-sanat","category-son-haberler","tag-lazkiye","tag-sam","tag-sanat-projesi","tag-sanatcilar-sendikasi","tag-sanatsal-faaliyetler","tag-suriye-ikonu","tag-suriyede-sanat","tag-suriyeliler","tag-tiyatro-oyunu"],"_links":{"self":[{"href":"https:\/\/archive.sana.sy\/tr\/index.php?rest_route=\/wp\/v2\/posts\/148328","targetHints":{"allow":["GET"]}}],"collection":[{"href":"https:\/\/archive.sana.sy\/tr\/index.php?rest_route=\/wp\/v2\/posts"}],"about":[{"href":"https:\/\/archive.sana.sy\/tr\/index.php?rest_route=\/wp\/v2\/types\/post"}],"author":[{"embeddable":true,"href":"https:\/\/archive.sana.sy\/tr\/index.php?rest_route=\/wp\/v2\/users\/1"}],"replies":[{"embeddable":true,"href":"https:\/\/archive.sana.sy\/tr\/index.php?rest_route=%2Fwp%2Fv2%2Fcomments&post=148328"}],"version-history":[{"count":0,"href":"https:\/\/archive.sana.sy\/tr\/index.php?rest_route=\/wp\/v2\/posts\/148328\/revisions"}],"wp:featuredmedia":[{"embeddable":true,"href":"https:\/\/archive.sana.sy\/tr\/index.php?rest_route=\/wp\/v2\/media\/148329"}],"wp:attachment":[{"href":"https:\/\/archive.sana.sy\/tr\/index.php?rest_route=%2Fwp%2Fv2%2Fmedia&parent=148328"}],"wp:term":[{"taxonomy":"category","embeddable":true,"href":"https:\/\/archive.sana.sy\/tr\/index.php?rest_route=%2Fwp%2Fv2%2Fcategories&post=148328"},{"taxonomy":"post_tag","embeddable":true,"href":"https:\/\/archive.sana.sy\/tr\/index.php?rest_route=%2Fwp%2Fv2%2Ftags&post=148328"}],"curies":[{"name":"wp","href":"https:\/\/api.w.org\/{rel}","templated":true}]}}