{"id":148516,"date":"2018-05-08T12:36:43","date_gmt":"2018-05-08T09:36:43","guid":{"rendered":"https:\/\/www.sana.sy\/tr\/?p=148516"},"modified":"2018-05-09T11:49:47","modified_gmt":"2018-05-09T08:49:47","slug":"silah-teslimini-reddeden-teroristlerin-tahliyesi-devam-ediyor","status":"publish","type":"post","link":"https:\/\/archive.sana.sy\/tr\/?p=148516","title":{"rendered":"Silah Teslimini Reddeden Ter\u00f6ristlerin Tahliyesi Devam Ediyor"},"content":{"rendered":"<p>\u015eAM KIRSALI \u2013 Ba\u015fkent \u015eam k\u0131rsal\u0131n\u0131n g\u00fcneyi Yelda, Babbila ve Beyt Sahm beldelerinde silah teslim edip normal ya\u015fama d\u00f6nmeyi reddeden ter\u00f6ristleri t\u00fcm orta ve a\u011f\u0131r silahlar\u0131n\u0131 teslim etmeleri ard\u0131ndan aileleriyle birlikte Suriye&#8217;nin kuzeyine tahliye etme icraatlar\u0131 bug\u00fcn de devam etti.<\/p>\n<p>SANA\u2019n\u0131n sava\u015f muhabiri silah teslim edip normal ya\u015famlar\u0131na d\u00f6nmeyi reddeden ter\u00f6ristlerin yeni bir b\u00f6l\u00fcm\u00fcn\u00fc aileleriyle birlikte Suriye&#8217;nin kuzeyine tahliye etmek i\u00e7in bir\u00e7ok otob\u00fcs\u00fcn bug\u00fcn s\u00f6z konusu beldelere girdiklerini aktard\u0131.<\/p>\n<p>Daha \u00f6nceki g\u00fcnlerde binlerce ter\u00f6rist aileleriyle birlikte Suriye&#8217;nin kuzeyine tahliye edilirken, silah b\u0131rakmay\u0131 kabul edenler ise kanuni durumlar\u0131 yeniden d\u00fczenlenip normal ya\u015famlar\u0131na d\u00f6n\u00fcyor.<\/p>\n","protected":false},"excerpt":{"rendered":"<p>\u015eAM KIRSALI \u2013 Ba\u015fkent \u015eam k\u0131rsal\u0131n\u0131n g\u00fcneyi Yelda, Babbila ve Beyt Sahm beldelerinde silah teslim edip normal ya\u015fama d\u00f6nmeyi reddeden ter\u00f6ristleri t\u00fcm orta ve a\u011f\u0131r silahlar\u0131n\u0131 teslim etmeleri ard\u0131ndan aileleriyle birlikte Suriye&#8217;nin kuzeyine tahliye etme icraatlar\u0131 bug\u00fcn de devam etti. SANA\u2019n\u0131n sava\u015f muhabiri silah teslim edip normal ya\u015famlar\u0131na d\u00f6nmeyi reddeden ter\u00f6ristlerin yeni bir b\u00f6l\u00fcm\u00fcn\u00fc aileleriyle &hellip;<\/p>\n","protected":false},"author":1,"featured_media":148518,"comment_status":"closed","ping_status":"closed","sticky":false,"template":"","format":"standard","meta":{"footnotes":""},"categories":[479,575,17988,478],"tags":[1132,1294,2755,2297,35790,16591,11549,19034,22181],"class_list":["post-148516","post","type-post","status-publish","format-standard","has-post-thumbnail","","category-haberler-yerel","category-olaylar-ve-gercekler","category-son-haberler","category-yerel","tag-halep","tag-idlib","tag-sam","tag-sam-kirsali","tag-silah-teslimi","tag-suriye","tag-suriye-ordusu","tag-suriyeli-muhalifler","tag-suriyeliler"],"_links":{"self":[{"href":"https:\/\/archive.sana.sy\/tr\/index.php?rest_route=\/wp\/v2\/posts\/148516","targetHints":{"allow":["GET"]}}],"collection":[{"href":"https:\/\/archive.sana.sy\/tr\/index.php?rest_route=\/wp\/v2\/posts"}],"about":[{"href":"https:\/\/archive.sana.sy\/tr\/index.php?rest_route=\/wp\/v2\/types\/post"}],"author":[{"embeddable":true,"href":"https:\/\/archive.sana.sy\/tr\/index.php?rest_route=\/wp\/v2\/users\/1"}],"replies":[{"embeddable":true,"href":"https:\/\/archive.sana.sy\/tr\/index.php?rest_route=%2Fwp%2Fv2%2Fcomments&post=148516"}],"version-history":[{"count":0,"href":"https:\/\/archive.sana.sy\/tr\/index.php?rest_route=\/wp\/v2\/posts\/148516\/revisions"}],"wp:featuredmedia":[{"embeddable":true,"href":"https:\/\/archive.sana.sy\/tr\/index.php?rest_route=\/wp\/v2\/media\/148518"}],"wp:attachment":[{"href":"https:\/\/archive.sana.sy\/tr\/index.php?rest_route=%2Fwp%2Fv2%2Fmedia&parent=148516"}],"wp:term":[{"taxonomy":"category","embeddable":true,"href":"https:\/\/archive.sana.sy\/tr\/index.php?rest_route=%2Fwp%2Fv2%2Fcategories&post=148516"},{"taxonomy":"post_tag","embeddable":true,"href":"https:\/\/archive.sana.sy\/tr\/index.php?rest_route=%2Fwp%2Fv2%2Ftags&post=148516"}],"curies":[{"name":"wp","href":"https:\/\/api.w.org\/{rel}","templated":true}]}}