{"id":148520,"date":"2018-05-08T12:00:30","date_gmt":"2018-05-08T09:00:30","guid":{"rendered":"https:\/\/www.sana.sy\/tr\/?p=148520"},"modified":"2018-05-09T14:38:38","modified_gmt":"2018-05-09T11:38:38","slug":"abd-terore-destegini-arttiracagini-ilan-etti","status":"publish","type":"post","link":"https:\/\/archive.sana.sy\/tr\/?p=148520","title":{"rendered":"ABD Ter\u00f6re Deste\u011fini Artt\u0131raca\u011f\u0131n\u0131 \u0130lan Etti"},"content":{"rendered":"<p>WASH\u0130NGTON \u2013 ABD savunma bakanl\u0131\u011f\u0131 pentagon; bakanl\u0131\u011f\u0131n 2019 y\u0131l\u0131 b\u00fct\u00e7esi kapsam\u0131nda Suriye&#8217;de \u2018silahl\u0131 muhalifler\u2019 ad\u0131n\u0131 verdi\u011fi az\u0131l\u0131 ter\u00f6r \u00f6rg\u00fctlere e\u011fitim ve silahla donatma \u00e7abalar\u0131n\u0131 geni\u015fletece\u011fini ilan etti.<\/p>\n<p>ABD, \u00fcst yetkililerinin diliyle dahil olmak \u00fczere bir\u00e7ok kez 4 y\u0131l \u00f6nce e\u011fit-donat slogan\u0131 alt\u0131nda ba\u015flatt\u0131\u011f\u0131 bu program\u0131n\u0131 sonland\u0131rd\u0131\u011f\u0131n\u0131 ilan etse de, I\u015e\u0130D dahil Suriye&#8217;de az\u0131l\u0131 ter\u00f6ristlere deste\u011fini s\u00fcrd\u00fcrece\u011fini kendi diliyle ifade etti.<\/p>\n<p>Suriye&#8217;de uluslar aras\u0131 kanunlar ve kararlara ayk\u0131r\u0131 bir \u015fekilde bulunan ABD g\u00fc\u00e7leri komutas\u0131nda olan gruplarla i\u015fbirli\u011fi i\u00e7inde Suriye&#8217;nin do\u011fusunda I\u015e\u0130D\u2019ten arta kalan az\u0131l\u0131 radikal ter\u00f6ristleri toplay\u0131p onlar\u0131 yeniden e\u011fitiyor ve silahlarla donat\u0131yor.<\/p>\n<p>ABD yine uluslar aras\u0131 kanunlara ayk\u0131r\u0131 bir \u015fekilde te\u015fkil etti\u011fi uluslar aras\u0131 koalisyon ile i\u015fbirli\u011fi i\u00e7inde bir\u00e7ok b\u00f6lgede I\u015e\u0130D\u2019i koruyup kollad\u0131\u011f\u0131, I\u015e\u0130D\u2019li az\u0131l\u0131 ter\u00f6r eleba\u015flar\u0131n\u0131 Suriye ordusu \u00f6n\u00fcnde yok olmalar\u0131ndan kurtar\u0131p onlar\u0131 ba\u015fka b\u00f6lgelere aktard\u0131\u011f\u0131 tespit edildi.<\/p>\n<p>T\u00fcm bunlar\u0131n yan\u0131 s\u0131ra farkl\u0131 b\u00f6lgelerde ele ge\u00e7irilen I\u015e\u0130D yuvalar\u0131nda ABD, NATO, \u0130srail ve farkl\u0131 Avrupa \u00fclkeleri men\u015feli a\u011f\u0131r silahlar, ekipmanlar, patlay\u0131c\u0131 ve hatta kimyasal maddeler de bulundu.<\/p>\n","protected":false},"excerpt":{"rendered":"<p>WASH\u0130NGTON \u2013 ABD savunma bakanl\u0131\u011f\u0131 pentagon; bakanl\u0131\u011f\u0131n 2019 y\u0131l\u0131 b\u00fct\u00e7esi kapsam\u0131nda Suriye&#8217;de \u2018silahl\u0131 muhalifler\u2019 ad\u0131n\u0131 verdi\u011fi az\u0131l\u0131 ter\u00f6r \u00f6rg\u00fctlere e\u011fitim ve silahla donatma \u00e7abalar\u0131n\u0131 geni\u015fletece\u011fini ilan etti. ABD, \u00fcst yetkililerinin diliyle dahil olmak \u00fczere bir\u00e7ok kez 4 y\u0131l \u00f6nce e\u011fit-donat slogan\u0131 alt\u0131nda ba\u015flatt\u0131\u011f\u0131 bu program\u0131n\u0131 sonland\u0131rd\u0131\u011f\u0131n\u0131 ilan etse de, I\u015e\u0130D dahil Suriye&#8217;de az\u0131l\u0131 ter\u00f6ristlere deste\u011fini &hellip;<\/p>\n","protected":false},"author":1,"featured_media":148542,"comment_status":"closed","ping_status":"closed","sticky":false,"template":"","format":"standard","meta":{"footnotes":""},"categories":[458,459,17988],"tags":[29636,18329,18577,2318,2624,18674,16591,19034,19389],"class_list":["post-148520","post","type-post","status-publish","format-standard","has-post-thumbnail","","category-dunya1","category-haberler-arap-uluslararasi-politika","category-son-haberler","tag-abd-gucleri","tag-dais","tag-deas","tag-isid","tag-pentagon","tag-silahli-muhalifler","tag-suriye","tag-suriyeli-muhalifler","tag-terore-destek"],"_links":{"self":[{"href":"https:\/\/archive.sana.sy\/tr\/index.php?rest_route=\/wp\/v2\/posts\/148520","targetHints":{"allow":["GET"]}}],"collection":[{"href":"https:\/\/archive.sana.sy\/tr\/index.php?rest_route=\/wp\/v2\/posts"}],"about":[{"href":"https:\/\/archive.sana.sy\/tr\/index.php?rest_route=\/wp\/v2\/types\/post"}],"author":[{"embeddable":true,"href":"https:\/\/archive.sana.sy\/tr\/index.php?rest_route=\/wp\/v2\/users\/1"}],"replies":[{"embeddable":true,"href":"https:\/\/archive.sana.sy\/tr\/index.php?rest_route=%2Fwp%2Fv2%2Fcomments&post=148520"}],"version-history":[{"count":0,"href":"https:\/\/archive.sana.sy\/tr\/index.php?rest_route=\/wp\/v2\/posts\/148520\/revisions"}],"wp:featuredmedia":[{"embeddable":true,"href":"https:\/\/archive.sana.sy\/tr\/index.php?rest_route=\/wp\/v2\/media\/148542"}],"wp:attachment":[{"href":"https:\/\/archive.sana.sy\/tr\/index.php?rest_route=%2Fwp%2Fv2%2Fmedia&parent=148520"}],"wp:term":[{"taxonomy":"category","embeddable":true,"href":"https:\/\/archive.sana.sy\/tr\/index.php?rest_route=%2Fwp%2Fv2%2Fcategories&post=148520"},{"taxonomy":"post_tag","embeddable":true,"href":"https:\/\/archive.sana.sy\/tr\/index.php?rest_route=%2Fwp%2Fv2%2Ftags&post=148520"}],"curies":[{"name":"wp","href":"https:\/\/api.w.org\/{rel}","templated":true}]}}