{"id":148529,"date":"2018-05-08T16:13:01","date_gmt":"2018-05-08T13:13:01","guid":{"rendered":"https:\/\/www.sana.sy\/tr\/?p=148529"},"modified":"2018-05-09T11:49:24","modified_gmt":"2018-05-09T08:49:24","slug":"tum-orta-ve-agir-silahlarini-teslim-etmeye-devam-ediyorlar","status":"publish","type":"post","link":"https:\/\/archive.sana.sy\/tr\/?p=148529","title":{"rendered":"Silah Teslimi ve Ter\u00f6ristleri Tahliye Etme \u0130craatlar\u0131 Devam Ediyor"},"content":{"rendered":"<p>HOMS \u2013\u00a0Homs k\u0131rsal\u0131n\u0131n kuzeyi ve Hama k\u0131rsal\u0131n\u0131n g\u00fcneyinde silah b\u0131rak\u0131p normal ya\u015fam\u0131na d\u00f6nmeyi reddeden ter\u00f6ristleri aileleriyle birlikte Suriye&#8217;nin kuzeyine aktaracak otob\u00fcslerin Homs k\u0131rsal\u0131n\u0131n kuzeyi Resten Kenti K\u00f6pr\u00fcs\u00fc yak\u0131nlar\u0131nda toplanmaya ba\u015flad\u0131.<a href=\"https:\/\/www.sana.sy\/tr\/wp-content\/uploads\/2018\/05\/3-30.jpg\"><img loading=\"lazy\" decoding=\"async\" class=\"alignright wp-image-148535 size-medium\" src=\"https:\/\/www.sana.sy\/tr\/wp-content\/uploads\/2018\/05\/3-30-300x169.jpg\" alt=\"\" width=\"300\" height=\"169\" srcset=\"https:\/\/archive.sana.sy\/tr\/wp-content\/uploads\/2018\/05\/3-30-300x169.jpg 300w, https:\/\/archive.sana.sy\/tr\/wp-content\/uploads\/2018\/05\/3-30-150x84.jpg 150w, https:\/\/archive.sana.sy\/tr\/wp-content\/uploads\/2018\/05\/3-30-768x432.jpg 768w, https:\/\/archive.sana.sy\/tr\/wp-content\/uploads\/2018\/05\/3-30-1024x576.jpg 1024w, https:\/\/archive.sana.sy\/tr\/wp-content\/uploads\/2018\/05\/3-30.jpg 1200w\" sizes=\"auto, (max-width: 300px) 100vw, 300px\" \/><\/a><\/p>\n<p>SANA\u2019n\u0131n sava\u015f muhabiri orta ve a\u011f\u0131r silahlar\u0131n\u0131 teslim eden ter\u00f6ristleri aileleriyle birlikte ta\u015f\u0131yan otob\u00fcslerin tefti\u015ften ge\u00e7meleri ard\u0131ndan g\u00fcn\u00fcn sonunda toplu olarak Suriye&#8217;nin kuzeyine g\u00f6nderileceklerini kaydetti.<\/p>\n<p>Di\u011fer yandan Homs k\u0131rsal\u0131n\u0131n kuzeyi ve Hama k\u0131rsal\u0131n\u0131n g\u00fcneyinde silah b\u0131rak\u0131p normal ya\u015famlar\u0131na d\u00f6nmeyi reddeden ter\u00f6ristler aileleriyle birlikte Suriye&#8217;nin kuzeyine tahliye edilmeleri \u00f6ncesinde t\u00fcm orta ve a\u011f\u0131r silahlar\u0131n\u0131 teslim etmeye devam ediyorlar.<\/p>\n<p><img loading=\"lazy\" decoding=\"async\" class=\"alignright wp-image-148533 size-medium\" src=\"https:\/\/www.sana.sy\/tr\/wp-content\/uploads\/2018\/05\/1-88-300x169.jpg\" alt=\"\" width=\"300\" height=\"169\" srcset=\"https:\/\/archive.sana.sy\/tr\/wp-content\/uploads\/2018\/05\/1-88-300x169.jpg 300w, https:\/\/archive.sana.sy\/tr\/wp-content\/uploads\/2018\/05\/1-88-150x84.jpg 150w, https:\/\/archive.sana.sy\/tr\/wp-content\/uploads\/2018\/05\/1-88-768x432.jpg 768w, https:\/\/archive.sana.sy\/tr\/wp-content\/uploads\/2018\/05\/1-88-1024x576.jpg 1024w, https:\/\/archive.sana.sy\/tr\/wp-content\/uploads\/2018\/05\/1-88.jpg 1200w\" sizes=\"auto, (max-width: 300px) 100vw, 300px\" \/><\/p>\n<p>SANA\u2019n\u0131n sava\u015f muhabiri s\u00f6z konusu ter\u00f6ristlerin daha \u00f6nce teslim ettikleri, tanklar, z\u0131rhl\u0131 ara\u00e7lar, a\u011f\u0131r makineli silahlara donat\u0131lm\u0131\u015f ara\u00e7lar ve farkl\u0131 t\u00fcm makineli silahlara ilaveten bug\u00fcn yine a\u011f\u0131r silahlar\u0131n\u0131 teslim etmeye devam ettiklerini belirtti.<\/p>\n<p>Muhabir ter\u00f6ristlerin bug\u00fcn teslim etti\u011fi a\u011f\u0131r silahlar\u0131 aras\u0131nda f\u00fcze bataryas\u0131n\u0131n monte edildi\u011fi bir ara\u00e7, a\u011f\u0131r makineli silahla donat\u0131lm\u0131\u015f bir ara\u00e7, toplar, f\u00fczeler, roketler, tank roketleri, el yap\u0131m\u0131 bomba d\u00fczenekleri, may\u0131nlar ve farkl\u0131 t\u00fcr silahlar i\u00e7in m\u00fchimmat\u0131n bulundu\u011funu kaydetti.<\/p>\n<p><a href=\"https:\/\/www.sana.sy\/tr\/wp-content\/uploads\/2018\/05\/4-19.jpg\"><img loading=\"lazy\" decoding=\"async\" class=\"alignright wp-image-148532 size-medium\" src=\"https:\/\/www.sana.sy\/tr\/wp-content\/uploads\/2018\/05\/4-19-300x169.jpg\" alt=\"\" width=\"300\" height=\"169\" srcset=\"https:\/\/archive.sana.sy\/tr\/wp-content\/uploads\/2018\/05\/4-19-300x169.jpg 300w, https:\/\/archive.sana.sy\/tr\/wp-content\/uploads\/2018\/05\/4-19-150x84.jpg 150w, https:\/\/archive.sana.sy\/tr\/wp-content\/uploads\/2018\/05\/4-19-768x432.jpg 768w, https:\/\/archive.sana.sy\/tr\/wp-content\/uploads\/2018\/05\/4-19-1024x576.jpg 1024w, https:\/\/archive.sana.sy\/tr\/wp-content\/uploads\/2018\/05\/4-19.jpg 1200w\" sizes=\"auto, (max-width: 300px) 100vw, 300px\" \/><\/a>Muhabir d\u00fcn ter\u00f6rist ve ailelerini ta\u015f\u0131yan 62 otob\u00fcs\u00fcn Suriye&#8217;nin kuzeyine g\u00f6nderilmeleri ard\u0131ndan orta ve a\u011f\u0131r silahlar\u0131n\u0131 teslim eden ter\u00f6ristlerin ikinci b\u00f6l\u00fcm\u00fcn\u00fcn ayn\u0131 \u015fekilde tahliyeleri i\u00e7in icraatlar\u0131n devam etti\u011fini belirtti.<\/p>\n<p>Di\u011fer yandan SANA\u2019n\u0131n sava\u015f muhabiri ter\u00f6ristlerin bug\u00fcn, silah b\u0131rakmay\u0131 reddeden ter\u00f6ristler ve ailelerinin tahliyesi i\u00e7in Resten K\u00f6pr\u00fcs\u00fc yak\u0131nlar\u0131nda belirlenen merkezi roketlerle hedef ald\u0131klar\u0131n\u0131 belirtti.<\/p>\n<p>Muhabir ter\u00f6ristleri Suriye&#8217;nin kuzeyine aktaracak otob\u00fcsler ve bas\u0131n mensuplar\u0131n\u0131n yan\u0131 s\u0131ra silah b\u0131rakmay\u0131 reddeden ter\u00f6ristler ve ailelerinin bulunduklar\u0131 b\u00f6lgeye yap\u0131lan gaddar ter\u00f6r sald\u0131r\u0131s\u0131nda be\u015feri isabetlerin olmad\u0131\u011f\u0131n\u0131 ifade etti.<\/p>\n<div id='gallery-1' class='gallery galleryid-148529 gallery-columns-1 gallery-size-large'><figure class='gallery-item'>\n\t\t\t<div class='gallery-icon landscape'>\n\t\t\t\t<a href='https:\/\/archive.sana.sy\/tr\/wp-content\/uploads\/2018\/05\/photo_2018-05-08_15-50-35.jpg'><img loading=\"lazy\" decoding=\"async\" width=\"618\" height=\"413\" src=\"https:\/\/archive.sana.sy\/tr\/wp-content\/uploads\/2018\/05\/photo_2018-05-08_15-50-35-1024x684.jpg\" class=\"attachment-large size-large\" alt=\"\" srcset=\"https:\/\/archive.sana.sy\/tr\/wp-content\/uploads\/2018\/05\/photo_2018-05-08_15-50-35-1024x684.jpg 1024w, https:\/\/archive.sana.sy\/tr\/wp-content\/uploads\/2018\/05\/photo_2018-05-08_15-50-35-150x100.jpg 150w, https:\/\/archive.sana.sy\/tr\/wp-content\/uploads\/2018\/05\/photo_2018-05-08_15-50-35-300x200.jpg 300w, https:\/\/archive.sana.sy\/tr\/wp-content\/uploads\/2018\/05\/photo_2018-05-08_15-50-35-768x513.jpg 768w, https:\/\/archive.sana.sy\/tr\/wp-content\/uploads\/2018\/05\/photo_2018-05-08_15-50-35-110x75.jpg 110w, https:\/\/archive.sana.sy\/tr\/wp-content\/uploads\/2018\/05\/photo_2018-05-08_15-50-35.jpg 1200w\" sizes=\"auto, (max-width: 618px) 100vw, 618px\" \/><\/a>\n\t\t\t<\/div><\/figure><figure class='gallery-item'>\n\t\t\t<div class='gallery-icon landscape'>\n\t\t\t\t<a href='https:\/\/archive.sana.sy\/tr\/wp-content\/uploads\/2018\/05\/photo_2018-05-08_15-50-53.jpg'><img loading=\"lazy\" decoding=\"async\" width=\"618\" height=\"413\" src=\"https:\/\/archive.sana.sy\/tr\/wp-content\/uploads\/2018\/05\/photo_2018-05-08_15-50-53-1024x684.jpg\" class=\"attachment-large size-large\" alt=\"\" srcset=\"https:\/\/archive.sana.sy\/tr\/wp-content\/uploads\/2018\/05\/photo_2018-05-08_15-50-53-1024x684.jpg 1024w, https:\/\/archive.sana.sy\/tr\/wp-content\/uploads\/2018\/05\/photo_2018-05-08_15-50-53-150x100.jpg 150w, https:\/\/archive.sana.sy\/tr\/wp-content\/uploads\/2018\/05\/photo_2018-05-08_15-50-53-300x200.jpg 300w, https:\/\/archive.sana.sy\/tr\/wp-content\/uploads\/2018\/05\/photo_2018-05-08_15-50-53-768x513.jpg 768w, https:\/\/archive.sana.sy\/tr\/wp-content\/uploads\/2018\/05\/photo_2018-05-08_15-50-53-110x75.jpg 110w, https:\/\/archive.sana.sy\/tr\/wp-content\/uploads\/2018\/05\/photo_2018-05-08_15-50-53.jpg 1200w\" sizes=\"auto, (max-width: 618px) 100vw, 618px\" \/><\/a>\n\t\t\t<\/div><\/figure><figure class='gallery-item'>\n\t\t\t<div class='gallery-icon landscape'>\n\t\t\t\t<a href='https:\/\/archive.sana.sy\/tr\/wp-content\/uploads\/2018\/05\/photo_2018-05-08_15-50-56.jpg'><img loading=\"lazy\" decoding=\"async\" width=\"618\" height=\"413\" src=\"https:\/\/archive.sana.sy\/tr\/wp-content\/uploads\/2018\/05\/photo_2018-05-08_15-50-56-1024x684.jpg\" class=\"attachment-large size-large\" alt=\"\" srcset=\"https:\/\/archive.sana.sy\/tr\/wp-content\/uploads\/2018\/05\/photo_2018-05-08_15-50-56-1024x684.jpg 1024w, https:\/\/archive.sana.sy\/tr\/wp-content\/uploads\/2018\/05\/photo_2018-05-08_15-50-56-150x100.jpg 150w, https:\/\/archive.sana.sy\/tr\/wp-content\/uploads\/2018\/05\/photo_2018-05-08_15-50-56-300x200.jpg 300w, https:\/\/archive.sana.sy\/tr\/wp-content\/uploads\/2018\/05\/photo_2018-05-08_15-50-56-768x513.jpg 768w, https:\/\/archive.sana.sy\/tr\/wp-content\/uploads\/2018\/05\/photo_2018-05-08_15-50-56-110x75.jpg 110w, https:\/\/archive.sana.sy\/tr\/wp-content\/uploads\/2018\/05\/photo_2018-05-08_15-50-56.jpg 1200w\" sizes=\"auto, (max-width: 618px) 100vw, 618px\" \/><\/a>\n\t\t\t<\/div><\/figure><figure class='gallery-item'>\n\t\t\t<div class='gallery-icon landscape'>\n\t\t\t\t<a href='https:\/\/archive.sana.sy\/tr\/wp-content\/uploads\/2018\/05\/photo_2018-05-08_15-51-06.jpg'><img loading=\"lazy\" decoding=\"async\" width=\"618\" height=\"413\" src=\"https:\/\/archive.sana.sy\/tr\/wp-content\/uploads\/2018\/05\/photo_2018-05-08_15-51-06-1024x684.jpg\" class=\"attachment-large size-large\" alt=\"\" srcset=\"https:\/\/archive.sana.sy\/tr\/wp-content\/uploads\/2018\/05\/photo_2018-05-08_15-51-06-1024x684.jpg 1024w, https:\/\/archive.sana.sy\/tr\/wp-content\/uploads\/2018\/05\/photo_2018-05-08_15-51-06-150x100.jpg 150w, https:\/\/archive.sana.sy\/tr\/wp-content\/uploads\/2018\/05\/photo_2018-05-08_15-51-06-300x200.jpg 300w, https:\/\/archive.sana.sy\/tr\/wp-content\/uploads\/2018\/05\/photo_2018-05-08_15-51-06-768x513.jpg 768w, https:\/\/archive.sana.sy\/tr\/wp-content\/uploads\/2018\/05\/photo_2018-05-08_15-51-06-110x75.jpg 110w, https:\/\/archive.sana.sy\/tr\/wp-content\/uploads\/2018\/05\/photo_2018-05-08_15-51-06.jpg 1200w\" sizes=\"auto, (max-width: 618px) 100vw, 618px\" \/><\/a>\n\t\t\t<\/div><\/figure><figure class='gallery-item'>\n\t\t\t<div class='gallery-icon landscape'>\n\t\t\t\t<a href='https:\/\/archive.sana.sy\/tr\/wp-content\/uploads\/2018\/05\/photo_2018-05-08_15-51-10.jpg'><img loading=\"lazy\" decoding=\"async\" width=\"618\" height=\"413\" src=\"https:\/\/archive.sana.sy\/tr\/wp-content\/uploads\/2018\/05\/photo_2018-05-08_15-51-10-1024x684.jpg\" class=\"attachment-large size-large\" alt=\"\" srcset=\"https:\/\/archive.sana.sy\/tr\/wp-content\/uploads\/2018\/05\/photo_2018-05-08_15-51-10-1024x684.jpg 1024w, https:\/\/archive.sana.sy\/tr\/wp-content\/uploads\/2018\/05\/photo_2018-05-08_15-51-10-150x100.jpg 150w, https:\/\/archive.sana.sy\/tr\/wp-content\/uploads\/2018\/05\/photo_2018-05-08_15-51-10-300x200.jpg 300w, https:\/\/archive.sana.sy\/tr\/wp-content\/uploads\/2018\/05\/photo_2018-05-08_15-51-10-768x513.jpg 768w, https:\/\/archive.sana.sy\/tr\/wp-content\/uploads\/2018\/05\/photo_2018-05-08_15-51-10-110x75.jpg 110w, https:\/\/archive.sana.sy\/tr\/wp-content\/uploads\/2018\/05\/photo_2018-05-08_15-51-10.jpg 1200w\" sizes=\"auto, (max-width: 618px) 100vw, 618px\" \/><\/a>\n\t\t\t<\/div><\/figure><figure class='gallery-item'>\n\t\t\t<div class='gallery-icon landscape'>\n\t\t\t\t<a href='https:\/\/archive.sana.sy\/tr\/wp-content\/uploads\/2018\/05\/2-42.jpg'><img loading=\"lazy\" decoding=\"async\" width=\"618\" height=\"368\" src=\"https:\/\/archive.sana.sy\/tr\/wp-content\/uploads\/2018\/05\/2-42-1024x609.jpg\" class=\"attachment-large size-large\" alt=\"\" srcset=\"https:\/\/archive.sana.sy\/tr\/wp-content\/uploads\/2018\/05\/2-42-1024x609.jpg 1024w, https:\/\/archive.sana.sy\/tr\/wp-content\/uploads\/2018\/05\/2-42-150x89.jpg 150w, https:\/\/archive.sana.sy\/tr\/wp-content\/uploads\/2018\/05\/2-42-300x179.jpg 300w, https:\/\/archive.sana.sy\/tr\/wp-content\/uploads\/2018\/05\/2-42-768x457.jpg 768w, https:\/\/archive.sana.sy\/tr\/wp-content\/uploads\/2018\/05\/2-42.jpg 1200w\" sizes=\"auto, (max-width: 618px) 100vw, 618px\" \/><\/a>\n\t\t\t<\/div><\/figure>\n\t\t<\/div>\n\n","protected":false},"excerpt":{"rendered":"<p>HOMS \u2013\u00a0Homs k\u0131rsal\u0131n\u0131n kuzeyi ve Hama k\u0131rsal\u0131n\u0131n g\u00fcneyinde silah b\u0131rak\u0131p normal ya\u015fam\u0131na d\u00f6nmeyi reddeden ter\u00f6ristleri aileleriyle birlikte Suriye&#8217;nin kuzeyine aktaracak otob\u00fcslerin Homs k\u0131rsal\u0131n\u0131n kuzeyi Resten Kenti K\u00f6pr\u00fcs\u00fc yak\u0131nlar\u0131nda toplanmaya ba\u015flad\u0131. SANA\u2019n\u0131n sava\u015f muhabiri orta ve a\u011f\u0131r silahlar\u0131n\u0131 teslim eden ter\u00f6ristleri aileleriyle birlikte ta\u015f\u0131yan otob\u00fcslerin tefti\u015ften ge\u00e7meleri ard\u0131ndan g\u00fcn\u00fcn sonunda toplu olarak Suriye&#8217;nin kuzeyine g\u00f6nderileceklerini kaydetti. &hellip;<\/p>\n","protected":false},"author":1,"featured_media":148634,"comment_status":"closed","ping_status":"closed","sticky":false,"template":"","format":"standard","meta":{"footnotes":""},"categories":[596,479,575,17988,478],"tags":[2492,1293,35790,18674,16591,11549,31476,22181],"class_list":["post-148529","post","type-post","status-publish","format-standard","has-post-thumbnail","","category-fotografli-raporlar","category-haberler-yerel","category-olaylar-ve-gercekler","category-son-haberler","category-yerel","tag-hama","tag-homs","tag-silah-teslimi","tag-silahli-muhalifler","tag-suriye","tag-suriye-ordusu","tag-suriyeli-muahlifler","tag-suriyeliler"],"_links":{"self":[{"href":"https:\/\/archive.sana.sy\/tr\/index.php?rest_route=\/wp\/v2\/posts\/148529","targetHints":{"allow":["GET"]}}],"collection":[{"href":"https:\/\/archive.sana.sy\/tr\/index.php?rest_route=\/wp\/v2\/posts"}],"about":[{"href":"https:\/\/archive.sana.sy\/tr\/index.php?rest_route=\/wp\/v2\/types\/post"}],"author":[{"embeddable":true,"href":"https:\/\/archive.sana.sy\/tr\/index.php?rest_route=\/wp\/v2\/users\/1"}],"replies":[{"embeddable":true,"href":"https:\/\/archive.sana.sy\/tr\/index.php?rest_route=%2Fwp%2Fv2%2Fcomments&post=148529"}],"version-history":[{"count":0,"href":"https:\/\/archive.sana.sy\/tr\/index.php?rest_route=\/wp\/v2\/posts\/148529\/revisions"}],"wp:featuredmedia":[{"embeddable":true,"href":"https:\/\/archive.sana.sy\/tr\/index.php?rest_route=\/wp\/v2\/media\/148634"}],"wp:attachment":[{"href":"https:\/\/archive.sana.sy\/tr\/index.php?rest_route=%2Fwp%2Fv2%2Fmedia&parent=148529"}],"wp:term":[{"taxonomy":"category","embeddable":true,"href":"https:\/\/archive.sana.sy\/tr\/index.php?rest_route=%2Fwp%2Fv2%2Fcategories&post=148529"},{"taxonomy":"post_tag","embeddable":true,"href":"https:\/\/archive.sana.sy\/tr\/index.php?rest_route=%2Fwp%2Fv2%2Ftags&post=148529"}],"curies":[{"name":"wp","href":"https:\/\/api.w.org\/{rel}","templated":true}]}}