{"id":14854,"date":"2014-11-06T20:58:34","date_gmt":"2014-11-06T18:58:34","guid":{"rendered":"http:\/\/www.sana.sy\/tr\/?p=14854"},"modified":"2014-11-06T20:58:34","modified_gmt":"2014-11-06T18:58:34","slug":"abd-ve-muttefikleri-haseke-kirsalinda-isid-mevkilerini-bombaliyor","status":"publish","type":"post","link":"https:\/\/archive.sana.sy\/tr\/?p=14854","title":{"rendered":"ABD ve M\u00fcttefikleri Haseke K\u0131rsal\u0131nda \u201cI\u015e\u0130D\u201d Mevkilerini Bombal\u0131yor"},"content":{"rendered":"<p>HASEKE \u2013 ABD ve m\u00fcttefiklerinin u\u00e7aklar\u0131 Haseke\u2019nin do\u011fu ve g\u00fcney k\u0131rsallar\u0131nda \u201cI\u015e\u0130D\u201d mevkilerini bombalamaya devam ediyor.<\/p>\n<p>Haseke Emniyet M\u00fcd\u00fcrl\u00fc\u011f\u00fcnde yetkili bir kaynak SANA\u2019ya yapt\u0131\u011f\u0131 a\u00e7\u0131klamada ABD ve m\u00fcttefiklerine ait u\u00e7aklar\u0131n Haseke\u2019nin do\u011fu k\u0131rsal\u0131nda yer alan el Havl b\u00f6lgesinde \u201cI\u015e\u0130D\u2019e\u201d ait askeri e\u011fitim kamplar\u0131n\u0131 bombalad\u0131klar\u0131n\u0131 dile getirdi.<\/p>\n<p>Kaynak, ayr\u0131ca Haseke\u2019nin g\u00fcney k\u0131rsal\u0131nda bulunan Abd\u00fclaziz Da\u011f\u0131nda bulunan \u201cI\u015e\u0130D\u201d ter\u00f6r \u00f6rg\u00fct\u00fc toplanma merkezlerinin de bombaland\u0131\u011f\u0131n\u0131 beyan etti.<\/p>\n","protected":false},"excerpt":{"rendered":"<p>HASEKE \u2013 ABD ve m\u00fcttefiklerinin u\u00e7aklar\u0131 Haseke\u2019nin do\u011fu ve g\u00fcney k\u0131rsallar\u0131nda \u201cI\u015e\u0130D\u201d mevkilerini bombalamaya devam ediyor. Haseke Emniyet M\u00fcd\u00fcrl\u00fc\u011f\u00fcnde yetkili bir kaynak SANA\u2019ya yapt\u0131\u011f\u0131 a\u00e7\u0131klamada ABD ve m\u00fcttefiklerine ait u\u00e7aklar\u0131n Haseke\u2019nin do\u011fu k\u0131rsal\u0131nda yer alan el Havl b\u00f6lgesinde \u201cI\u015e\u0130D\u2019e\u201d ait askeri e\u011fitim kamplar\u0131n\u0131 bombalad\u0131klar\u0131n\u0131 dile getirdi. Kaynak, ayr\u0131ca Haseke\u2019nin g\u00fcney k\u0131rsal\u0131nda bulunan Abd\u00fclaziz Da\u011f\u0131nda bulunan &hellip;<\/p>\n","protected":false},"author":1,"featured_media":14855,"comment_status":"closed","ping_status":"closed","sticky":false,"template":"","format":"standard","meta":{"footnotes":""},"categories":[575],"tags":[5208,5209],"class_list":["post-14854","post","type-post","status-publish","format-standard","has-post-thumbnail","","category-olaylar-ve-gercekler","tag-abd-ve-muttefikleri-haseke-kirsalinda-isid-mevkilerini-bombaliyor-haseke-abd-ve-muttefiklerinin-ucaklari-hasekenin-dogu-ve-guney-kirsallarinda-isid","tag-ayrica-hasekenin-guney-kirsalinda-bulunan-abdulaziz-daginda-bulunan-isid-teror-orgutu-toplanma-merkezlerinin-de-bombalandigini-beyan-etti"],"_links":{"self":[{"href":"https:\/\/archive.sana.sy\/tr\/index.php?rest_route=\/wp\/v2\/posts\/14854","targetHints":{"allow":["GET"]}}],"collection":[{"href":"https:\/\/archive.sana.sy\/tr\/index.php?rest_route=\/wp\/v2\/posts"}],"about":[{"href":"https:\/\/archive.sana.sy\/tr\/index.php?rest_route=\/wp\/v2\/types\/post"}],"author":[{"embeddable":true,"href":"https:\/\/archive.sana.sy\/tr\/index.php?rest_route=\/wp\/v2\/users\/1"}],"replies":[{"embeddable":true,"href":"https:\/\/archive.sana.sy\/tr\/index.php?rest_route=%2Fwp%2Fv2%2Fcomments&post=14854"}],"version-history":[{"count":0,"href":"https:\/\/archive.sana.sy\/tr\/index.php?rest_route=\/wp\/v2\/posts\/14854\/revisions"}],"wp:featuredmedia":[{"embeddable":true,"href":"https:\/\/archive.sana.sy\/tr\/index.php?rest_route=\/wp\/v2\/media\/14855"}],"wp:attachment":[{"href":"https:\/\/archive.sana.sy\/tr\/index.php?rest_route=%2Fwp%2Fv2%2Fmedia&parent=14854"}],"wp:term":[{"taxonomy":"category","embeddable":true,"href":"https:\/\/archive.sana.sy\/tr\/index.php?rest_route=%2Fwp%2Fv2%2Fcategories&post=14854"},{"taxonomy":"post_tag","embeddable":true,"href":"https:\/\/archive.sana.sy\/tr\/index.php?rest_route=%2Fwp%2Fv2%2Ftags&post=14854"}],"curies":[{"name":"wp","href":"https:\/\/api.w.org\/{rel}","templated":true}]}}