{"id":148544,"date":"2018-05-08T13:52:36","date_gmt":"2018-05-08T10:52:36","guid":{"rendered":"https:\/\/www.sana.sy\/tr\/?p=148544"},"modified":"2018-05-09T14:38:33","modified_gmt":"2018-05-09T11:38:33","slug":"idlib-ve-rakka-il-egitim-mudurlukleri-hazirliklarini-tamamladi","status":"publish","type":"post","link":"https:\/\/archive.sana.sy\/tr\/?p=148544","title":{"rendered":"\u0130dlib ve Rakka \u0130l E\u011fitim M\u00fcd\u00fcrl\u00fckleri Haz\u0131rl\u0131klar\u0131n\u0131 Tamamlad\u0131"},"content":{"rendered":"<p>HAMA \u2013 \u0130dlib ve Rakka \u0130l E\u011fitim M\u00fcd\u00fcrl\u00fckleri; Hama Kentinde \u0130dlib ve Rakka illerinde ter\u00f6r sald\u0131r\u0131lar\u0131 nedeniyle tehcir edilen ailelerin \u00e7ocuklar\u0131 i\u00e7in ilk\u00f6\u011fretim s\u0131navlar\u0131 haz\u0131rl\u0131klar\u0131n\u0131 tamamlad\u0131lar.<\/p>\n<p>Rakka \u0130l E\u011fitim M\u00fcd\u00fcr\u00fc Abdullah el Hadi SANA\u2019ya yapt\u0131\u011f\u0131 a\u00e7\u0131klamada; 2017-2018 e\u011fitim-\u00f6\u011fretim y\u0131l\u0131 ikinci d\u00f6nem s\u0131navlar\u0131nda Rakka\u2019dan gelen \u00e7ocuklar i\u00e7in t\u00fcm haz\u0131rl\u0131klar\u0131n tamamland\u0131\u011f\u0131n\u0131 s\u00f6yledi.<\/p>\n<p>Hadi Rakka k\u0131rsal\u0131nda ter\u00f6rden kurtar\u0131lan b\u00f6lgelerde 56 s\u0131nav merkezinin yan\u0131 s\u0131ra Hama \u0130line tehcir edilen ailelerin \u00e7ocuklar\u0131 i\u00e7in de Hama Kentinde 10 s\u0131nav merkezinin tahsis edildi\u011fini a\u00e7\u0131klad\u0131.<\/p>\n<p>\u0130dlib il E\u011fitim M\u00fcd\u00fcr\u00fc Abd\u00fclhamit Mimar; \u0130dlib\u2019te ter\u00f6r sald\u0131r\u0131lar\u0131ndan ka\u00e7an ter\u00f6r ma\u011fduru ailelerin \u00e7ocuklar\u0131 i\u00e7in Hama\u2019da 3 okulun s\u0131nav merkezleri olarak tahsis edildiklerini kaydetti.<\/p>\n<p>Mimar devletin istisnas\u0131z t\u00fcm b\u00f6lgelerde \u00e7ocuklar\u0131n e\u011fitim s\u00fcre\u00e7lerini tamamlamalar\u0131na g\u00f6sterdi\u011fi \u00f6zen kapsam\u0131nda s\u0131navlara kat\u0131lacak t\u00fcm \u00e7ocuklara ula\u015f\u0131m masraf\u0131 olarak 20 bin Suriye liras\u0131 verece\u011fine dikkat \u00e7ekti.<\/p>\n<p>Hama\u2019da \u0130dlib ilinden s\u0131navlara kat\u0131lacak \u00f6\u011frenci say\u0131s\u0131n\u0131n 5500 civar\u0131nda oldu\u011funu ifade eden Mimar, devletin t\u00fcm \u00f6\u011frencilere gereken destek ve kolayl\u0131\u011f\u0131 temin etmeye \u00f6zen g\u00f6sterdi\u011fini vurgulad\u0131.<\/p>\n","protected":false},"excerpt":{"rendered":"<p>HAMA \u2013 \u0130dlib ve Rakka \u0130l E\u011fitim M\u00fcd\u00fcrl\u00fckleri; Hama Kentinde \u0130dlib ve Rakka illerinde ter\u00f6r sald\u0131r\u0131lar\u0131 nedeniyle tehcir edilen ailelerin \u00e7ocuklar\u0131 i\u00e7in ilk\u00f6\u011fretim s\u0131navlar\u0131 haz\u0131rl\u0131klar\u0131n\u0131 tamamlad\u0131lar. Rakka \u0130l E\u011fitim M\u00fcd\u00fcr\u00fc Abdullah el Hadi SANA\u2019ya yapt\u0131\u011f\u0131 a\u00e7\u0131klamada; 2017-2018 e\u011fitim-\u00f6\u011fretim y\u0131l\u0131 ikinci d\u00f6nem s\u0131navlar\u0131nda Rakka\u2019dan gelen \u00e7ocuklar i\u00e7in t\u00fcm haz\u0131rl\u0131klar\u0131n tamamland\u0131\u011f\u0131n\u0131 s\u00f6yledi. Hadi Rakka k\u0131rsal\u0131nda ter\u00f6rden kurtar\u0131lan &hellip;<\/p>\n","protected":false},"author":1,"featured_media":148545,"comment_status":"closed","ping_status":"closed","sticky":false,"template":"","format":"standard","meta":{"footnotes":""},"categories":[479,17988,478],"tags":[2492,1294,30763,2493,16591,27532,12240,25414,22558,22181],"class_list":["post-148544","post","type-post","status-publish","format-standard","has-post-thumbnail","","category-haberler-yerel","category-son-haberler","category-yerel","tag-hama","tag-idlib","tag-il-egitim-mudurlugu","tag-rakka","tag-suriye","tag-suriye-devleti","tag-suriye-hukumeti","tag-suriyeli-cocuklar","tag-suriyeli-ogrenciler","tag-suriyeliler"],"_links":{"self":[{"href":"https:\/\/archive.sana.sy\/tr\/index.php?rest_route=\/wp\/v2\/posts\/148544","targetHints":{"allow":["GET"]}}],"collection":[{"href":"https:\/\/archive.sana.sy\/tr\/index.php?rest_route=\/wp\/v2\/posts"}],"about":[{"href":"https:\/\/archive.sana.sy\/tr\/index.php?rest_route=\/wp\/v2\/types\/post"}],"author":[{"embeddable":true,"href":"https:\/\/archive.sana.sy\/tr\/index.php?rest_route=\/wp\/v2\/users\/1"}],"replies":[{"embeddable":true,"href":"https:\/\/archive.sana.sy\/tr\/index.php?rest_route=%2Fwp%2Fv2%2Fcomments&post=148544"}],"version-history":[{"count":0,"href":"https:\/\/archive.sana.sy\/tr\/index.php?rest_route=\/wp\/v2\/posts\/148544\/revisions"}],"wp:featuredmedia":[{"embeddable":true,"href":"https:\/\/archive.sana.sy\/tr\/index.php?rest_route=\/wp\/v2\/media\/148545"}],"wp:attachment":[{"href":"https:\/\/archive.sana.sy\/tr\/index.php?rest_route=%2Fwp%2Fv2%2Fmedia&parent=148544"}],"wp:term":[{"taxonomy":"category","embeddable":true,"href":"https:\/\/archive.sana.sy\/tr\/index.php?rest_route=%2Fwp%2Fv2%2Fcategories&post=148544"},{"taxonomy":"post_tag","embeddable":true,"href":"https:\/\/archive.sana.sy\/tr\/index.php?rest_route=%2Fwp%2Fv2%2Ftags&post=148544"}],"curies":[{"name":"wp","href":"https:\/\/api.w.org\/{rel}","templated":true}]}}