{"id":148610,"date":"2018-05-08T15:20:13","date_gmt":"2018-05-08T12:20:13","guid":{"rendered":"https:\/\/www.sana.sy\/tr\/?p=148610"},"modified":"2018-05-09T14:37:19","modified_gmt":"2018-05-09T11:37:19","slug":"urdun-heyeti-ticari-iliskileri-etkinlestirme-olanaklarini-inceledi","status":"publish","type":"post","link":"https:\/\/archive.sana.sy\/tr\/?p=148610","title":{"rendered":"\u00dcrd\u00fcn Heyeti Ticari \u0130li\u015fkileri Etkinle\u015ftirme Olanaklar\u0131n\u0131 \u0130nceledi"},"content":{"rendered":"<p>\u015eAM \u2013 \u0130hracat\u00e7\u0131lar Birli\u011fi Ba\u015fkan\u0131 Muhammed el Sevvah bug\u00fcn \u00dcrd\u00fcn Sanayi Odas\u0131 Ba\u015fkan\u0131 Adnan Ebu Ra\u011f\u0131p ba\u015fkanl\u0131\u011f\u0131nda Suriye&#8217;yi ziyaret eden \u00dcrd\u00fcnl\u00fc i\u015fadamlar\u0131 ve sanayicilerden olu\u015fan bir heyetle temaslarda bulundu.<\/p>\n<p><a href=\"https:\/\/www.sana.sy\/tr\/wp-content\/uploads\/2018\/05\/2-45.jpg\"><img loading=\"lazy\" decoding=\"async\" class=\"alignright wp-image-148615 size-medium\" src=\"https:\/\/www.sana.sy\/tr\/wp-content\/uploads\/2018\/05\/2-45-300x173.jpg\" alt=\"\" width=\"300\" height=\"173\" srcset=\"https:\/\/archive.sana.sy\/tr\/wp-content\/uploads\/2018\/05\/2-45-300x173.jpg 300w, https:\/\/archive.sana.sy\/tr\/wp-content\/uploads\/2018\/05\/2-45-150x87.jpg 150w, https:\/\/archive.sana.sy\/tr\/wp-content\/uploads\/2018\/05\/2-45-768x444.jpg 768w, https:\/\/archive.sana.sy\/tr\/wp-content\/uploads\/2018\/05\/2-45-1024x591.jpg 1024w, https:\/\/archive.sana.sy\/tr\/wp-content\/uploads\/2018\/05\/2-45.jpg 1200w\" sizes=\"auto, (max-width: 300px) 100vw, 300px\" \/><\/a>\u0130hracat\u00e7\u0131lar Birli\u011finde ger\u00e7ekle\u015fen temaslarda \u00dcrd\u00fcnl\u00fc heyet Suriye ile ticari ve ekonomik ili\u015fkileri yeniden etkinle\u015ftirmekle birlikte iki \u00fclke aras\u0131ndaki s\u0131n\u0131r kap\u0131lar\u0131n\u0131 yeniden hizmete a\u00e7ma olanaklar\u0131n\u0131 inceledi.<\/p>\n<p>\u00dcrd\u00fcnl\u00fc heyet ba\u015fkan\u0131 Suriye ve halk\u0131na kar\u015f\u0131 y\u00fcr\u00fct\u00fclen sava\u015f nedeniyle \u00dcrd\u00fcn ekonomisinin b\u00fcy\u00fck bir hasar g\u00f6rd\u00fc\u011f\u00fcn\u00fc belirtti. Konuk heyet ba\u015fkan\u0131 Suriye&#8217;nin \u00dcrd\u00fcn a\u00e7\u0131s\u0131ndan Avrupa\u2019ya a\u00e7\u0131lan kap\u0131 oldu\u011funa dikkat \u00e7ekerken, Suriye \u00fcr\u00fcnlerinin de \u00dcrd\u00fcn piyasas\u0131n\u0131n temel kayna\u011f\u0131 oldu\u011funa vurgu yapt\u0131.<\/p>\n<p>&nbsp;<\/p>\n","protected":false},"excerpt":{"rendered":"<p>\u015eAM \u2013 \u0130hracat\u00e7\u0131lar Birli\u011fi Ba\u015fkan\u0131 Muhammed el Sevvah bug\u00fcn \u00dcrd\u00fcn Sanayi Odas\u0131 Ba\u015fkan\u0131 Adnan Ebu Ra\u011f\u0131p ba\u015fkanl\u0131\u011f\u0131nda Suriye&#8217;yi ziyaret eden \u00dcrd\u00fcnl\u00fc i\u015fadamlar\u0131 ve sanayicilerden olu\u015fan bir heyetle temaslarda bulundu. \u0130hracat\u00e7\u0131lar Birli\u011finde ger\u00e7ekle\u015fen temaslarda \u00dcrd\u00fcnl\u00fc heyet Suriye ile ticari ve ekonomik ili\u015fkileri yeniden etkinle\u015ftirmekle birlikte iki \u00fclke aras\u0131ndaki s\u0131n\u0131r kap\u0131lar\u0131n\u0131 yeniden hizmete a\u00e7ma olanaklar\u0131n\u0131 inceledi. \u00dcrd\u00fcnl\u00fc &hellip;<\/p>\n","protected":false},"author":1,"featured_media":148619,"comment_status":"closed","ping_status":"closed","sticky":false,"template":"","format":"standard","meta":{"footnotes":""},"categories":[485,486,17988],"tags":[27210,36129,16591,36128,36130],"class_list":["post-148610","post","type-post","status-publish","format-standard","has-post-thumbnail","","category-is-ve-sermaye","category-haberler-is-ve-sermaye","category-son-haberler","tag-ihracatcilar-birligi","tag-sanayici","tag-suriye","tag-urdun-sanayi-odasi","tag-urdunlu-isadamlari"],"_links":{"self":[{"href":"https:\/\/archive.sana.sy\/tr\/index.php?rest_route=\/wp\/v2\/posts\/148610","targetHints":{"allow":["GET"]}}],"collection":[{"href":"https:\/\/archive.sana.sy\/tr\/index.php?rest_route=\/wp\/v2\/posts"}],"about":[{"href":"https:\/\/archive.sana.sy\/tr\/index.php?rest_route=\/wp\/v2\/types\/post"}],"author":[{"embeddable":true,"href":"https:\/\/archive.sana.sy\/tr\/index.php?rest_route=\/wp\/v2\/users\/1"}],"replies":[{"embeddable":true,"href":"https:\/\/archive.sana.sy\/tr\/index.php?rest_route=%2Fwp%2Fv2%2Fcomments&post=148610"}],"version-history":[{"count":0,"href":"https:\/\/archive.sana.sy\/tr\/index.php?rest_route=\/wp\/v2\/posts\/148610\/revisions"}],"wp:featuredmedia":[{"embeddable":true,"href":"https:\/\/archive.sana.sy\/tr\/index.php?rest_route=\/wp\/v2\/media\/148619"}],"wp:attachment":[{"href":"https:\/\/archive.sana.sy\/tr\/index.php?rest_route=%2Fwp%2Fv2%2Fmedia&parent=148610"}],"wp:term":[{"taxonomy":"category","embeddable":true,"href":"https:\/\/archive.sana.sy\/tr\/index.php?rest_route=%2Fwp%2Fv2%2Fcategories&post=148610"},{"taxonomy":"post_tag","embeddable":true,"href":"https:\/\/archive.sana.sy\/tr\/index.php?rest_route=%2Fwp%2Fv2%2Ftags&post=148610"}],"curies":[{"name":"wp","href":"https:\/\/api.w.org\/{rel}","templated":true}]}}