{"id":148618,"date":"2018-05-08T15:22:47","date_gmt":"2018-05-08T12:22:47","guid":{"rendered":"https:\/\/www.sana.sy\/tr\/?p=148618"},"modified":"2018-05-09T14:37:16","modified_gmt":"2018-05-09T11:37:16","slug":"kamislida-orduya-destek-kampanyasi","status":"publish","type":"post","link":"https:\/\/archive.sana.sy\/tr\/?p=148618","title":{"rendered":"Kam\u0131\u015fl\u0131\u2019da Orduya Destek Kampanyas\u0131"},"content":{"rendered":"<p>HASEKE \u2013 Haseke \u0130line tabi Kam\u0131\u015fl\u0131 Kentinde devlet hastanesi bug\u00fcn Suriye ve halk\u0131n\u0131 onur ve kahramanl\u0131kla savunan ordu birliklerimize destek ama\u00e7l\u0131 olarak kan ba\u011f\u0131\u015f\u0131 kampanyas\u0131 d\u00fczenledi.<\/p>\n<p><a href=\"https:\/\/www.sana.sy\/tr\/wp-content\/uploads\/2018\/05\/1-95.jpg\"><img loading=\"lazy\" decoding=\"async\" class=\"alignright wp-image-148621 size-medium\" src=\"https:\/\/www.sana.sy\/tr\/wp-content\/uploads\/2018\/05\/1-95-300x205.jpg\" alt=\"\" width=\"300\" height=\"205\" srcset=\"https:\/\/archive.sana.sy\/tr\/wp-content\/uploads\/2018\/05\/1-95-300x205.jpg 300w, https:\/\/archive.sana.sy\/tr\/wp-content\/uploads\/2018\/05\/1-95-150x102.jpg 150w, https:\/\/archive.sana.sy\/tr\/wp-content\/uploads\/2018\/05\/1-95-768x524.jpg 768w, https:\/\/archive.sana.sy\/tr\/wp-content\/uploads\/2018\/05\/1-95-1024x699.jpg 1024w, https:\/\/archive.sana.sy\/tr\/wp-content\/uploads\/2018\/05\/1-95-110x75.jpg 110w, https:\/\/archive.sana.sy\/tr\/wp-content\/uploads\/2018\/05\/1-95.jpg 1080w\" sizes=\"auto, (max-width: 300px) 100vw, 300px\" \/><\/a>Hastane \u00e7al\u0131\u015fanlar\u0131n\u0131 yan\u0131 s\u0131ra sivil toplum faaliyetleri ve Kam\u0131\u015fl\u0131 kenti ahalisinden g\u00f6n\u00fcll\u00fclerin kat\u0131ld\u0131klar\u0131 kan ba\u011f\u0131\u015f\u0131 kampanyas\u0131nda ordu birliklerimizin Suriye ve halk\u0131n\u0131 savunmada sergiledi\u011fi fedakarl\u0131k ve kaydetti\u011fi zaferler \u00f6v\u00fcld\u00fc.<\/p>\n<p>Kat\u0131l\u0131mc\u0131lar Suriye ve halk\u0131n\u0131 yedi y\u0131ldan fazla s\u00fcredir Suriye d\u00fc\u015fmanlar\u0131 d\u0131\u015f g\u00fc\u00e7ler ve bu g\u00fc\u00e7lerin edat olarak kulland\u0131klar\u0131 ter\u00f6ristlere kar\u015f\u0131 savunmada e\u015fi benzeri g\u00f6r\u00fclmemi\u015f bir kahramanl\u0131k sergilediklerini, Suriye ve halk\u0131n\u0131n tarihini \u015fan ve onurla yeniden yazd\u0131klar\u0131n\u0131 ifade etti.<\/p>\n<p><a href=\"https:\/\/www.sana.sy\/tr\/wp-content\/uploads\/2018\/05\/3-34.jpg\"><img loading=\"lazy\" decoding=\"async\" class=\"aligncenter wp-image-148623 size-full\" src=\"https:\/\/www.sana.sy\/tr\/wp-content\/uploads\/2018\/05\/3-34.jpg\" alt=\"\" width=\"987\" height=\"687\" srcset=\"https:\/\/archive.sana.sy\/tr\/wp-content\/uploads\/2018\/05\/3-34.jpg 987w, https:\/\/archive.sana.sy\/tr\/wp-content\/uploads\/2018\/05\/3-34-150x104.jpg 150w, https:\/\/archive.sana.sy\/tr\/wp-content\/uploads\/2018\/05\/3-34-300x209.jpg 300w, https:\/\/archive.sana.sy\/tr\/wp-content\/uploads\/2018\/05\/3-34-768x535.jpg 768w\" sizes=\"auto, (max-width: 987px) 100vw, 987px\" \/><\/a><\/p>\n","protected":false},"excerpt":{"rendered":"<p>HASEKE \u2013 Haseke \u0130line tabi Kam\u0131\u015fl\u0131 Kentinde devlet hastanesi bug\u00fcn Suriye ve halk\u0131n\u0131 onur ve kahramanl\u0131kla savunan ordu birliklerimize destek ama\u00e7l\u0131 olarak kan ba\u011f\u0131\u015f\u0131 kampanyas\u0131 d\u00fczenledi. Hastane \u00e7al\u0131\u015fanlar\u0131n\u0131 yan\u0131 s\u0131ra sivil toplum faaliyetleri ve Kam\u0131\u015fl\u0131 kenti ahalisinden g\u00f6n\u00fcll\u00fclerin kat\u0131ld\u0131klar\u0131 kan ba\u011f\u0131\u015f\u0131 kampanyas\u0131nda ordu birliklerimizin Suriye ve halk\u0131n\u0131 savunmada sergiledi\u011fi fedakarl\u0131k ve kaydetti\u011fi zaferler \u00f6v\u00fcld\u00fc. Kat\u0131l\u0131mc\u0131lar &hellip;<\/p>\n","protected":false},"author":1,"featured_media":148622,"comment_status":"closed","ping_status":"closed","sticky":false,"template":"","format":"standard","meta":{"footnotes":""},"categories":[479,17988,478],"tags":[35701,19954,2695,16591],"class_list":["post-148618","post","type-post","status-publish","format-standard","has-post-thumbnail","","category-haberler-yerel","category-son-haberler","category-yerel","tag-haseke-ili","tag-kamisli","tag-ordu-birliklerimiz","tag-suriye"],"_links":{"self":[{"href":"https:\/\/archive.sana.sy\/tr\/index.php?rest_route=\/wp\/v2\/posts\/148618","targetHints":{"allow":["GET"]}}],"collection":[{"href":"https:\/\/archive.sana.sy\/tr\/index.php?rest_route=\/wp\/v2\/posts"}],"about":[{"href":"https:\/\/archive.sana.sy\/tr\/index.php?rest_route=\/wp\/v2\/types\/post"}],"author":[{"embeddable":true,"href":"https:\/\/archive.sana.sy\/tr\/index.php?rest_route=\/wp\/v2\/users\/1"}],"replies":[{"embeddable":true,"href":"https:\/\/archive.sana.sy\/tr\/index.php?rest_route=%2Fwp%2Fv2%2Fcomments&post=148618"}],"version-history":[{"count":0,"href":"https:\/\/archive.sana.sy\/tr\/index.php?rest_route=\/wp\/v2\/posts\/148618\/revisions"}],"wp:featuredmedia":[{"embeddable":true,"href":"https:\/\/archive.sana.sy\/tr\/index.php?rest_route=\/wp\/v2\/media\/148622"}],"wp:attachment":[{"href":"https:\/\/archive.sana.sy\/tr\/index.php?rest_route=%2Fwp%2Fv2%2Fmedia&parent=148618"}],"wp:term":[{"taxonomy":"category","embeddable":true,"href":"https:\/\/archive.sana.sy\/tr\/index.php?rest_route=%2Fwp%2Fv2%2Fcategories&post=148618"},{"taxonomy":"post_tag","embeddable":true,"href":"https:\/\/archive.sana.sy\/tr\/index.php?rest_route=%2Fwp%2Fv2%2Ftags&post=148618"}],"curies":[{"name":"wp","href":"https:\/\/api.w.org\/{rel}","templated":true}]}}