{"id":148709,"date":"2018-05-09T12:00:44","date_gmt":"2018-05-09T09:00:44","guid":{"rendered":"https:\/\/www.sana.sy\/tr\/?p=148709"},"modified":"2018-05-10T11:34:13","modified_gmt":"2018-05-10T08:34:13","slug":"suriye-takimi-5-madalya-kazandi","status":"publish","type":"post","link":"https:\/\/archive.sana.sy\/tr\/?p=148709","title":{"rendered":"Suriye Tak\u0131m\u0131 5 Madalya Kazand\u0131"},"content":{"rendered":"<p>CEZAY\u0130R \u2013 Cezayir\u2019de d\u00fczenlenen Uluslararas\u0131 Elit Boks \u015eampiyonas\u0131na kat\u0131lan Cey\u015f Tak\u0131m\u0131 uluslar aras\u0131 ba\u015far\u0131lar\u0131na bir yenisini daha ekledi.<\/p>\n<p>Tak\u0131m Ba\u015fkan\u0131 Vail Ali, dikkat \u00e7ekici y\u00fcksek bir performans sunan Cey\u015f Tak\u0131m\u0131n\u0131n uluslar aras\u0131 elit boks\u00f6rler aras\u0131nda \u00f6nemli bir ba\u015far\u0131 kaydetti\u011fini belirtti. Ali tak\u0131m oyuncular\u0131n\u0131n \u015fampiyonada 3 alt\u0131n ve 2 g\u00fcm\u00fc\u015f olmak \u00fczere toplam 5 madalya kazand\u0131klar\u0131n\u0131 a\u00e7\u0131klad\u0131.<\/p>\n<div id='gallery-1' class='gallery galleryid-148709 gallery-columns-3 gallery-size-thumbnail'><figure class='gallery-item'>\n\t\t\t<div class='gallery-icon landscape'>\n\t\t\t\t<a href='https:\/\/archive.sana.sy\/tr\/wp-content\/uploads\/2018\/05\/4-25.jpg'><img loading=\"lazy\" decoding=\"async\" width=\"150\" height=\"85\" src=\"https:\/\/archive.sana.sy\/tr\/wp-content\/uploads\/2018\/05\/4-25-150x85.jpg\" class=\"attachment-thumbnail size-thumbnail\" alt=\"\" srcset=\"https:\/\/archive.sana.sy\/tr\/wp-content\/uploads\/2018\/05\/4-25-150x85.jpg 150w, https:\/\/archive.sana.sy\/tr\/wp-content\/uploads\/2018\/05\/4-25-300x171.jpg 300w, https:\/\/archive.sana.sy\/tr\/wp-content\/uploads\/2018\/05\/4-25.jpg 672w\" sizes=\"auto, (max-width: 150px) 100vw, 150px\" \/><\/a>\n\t\t\t<\/div><\/figure><figure class='gallery-item'>\n\t\t\t<div class='gallery-icon landscape'>\n\t\t\t\t<a href='https:\/\/archive.sana.sy\/tr\/wp-content\/uploads\/2018\/05\/1-104.jpg'><img loading=\"lazy\" decoding=\"async\" width=\"150\" height=\"101\" src=\"https:\/\/archive.sana.sy\/tr\/wp-content\/uploads\/2018\/05\/1-104-150x101.jpg\" class=\"attachment-thumbnail size-thumbnail\" alt=\"\" srcset=\"https:\/\/archive.sana.sy\/tr\/wp-content\/uploads\/2018\/05\/1-104-150x101.jpg 150w, https:\/\/archive.sana.sy\/tr\/wp-content\/uploads\/2018\/05\/1-104-300x202.jpg 300w, https:\/\/archive.sana.sy\/tr\/wp-content\/uploads\/2018\/05\/1-104-768x516.jpg 768w, https:\/\/archive.sana.sy\/tr\/wp-content\/uploads\/2018\/05\/1-104-110x75.jpg 110w, https:\/\/archive.sana.sy\/tr\/wp-content\/uploads\/2018\/05\/1-104.jpg 808w\" sizes=\"auto, (max-width: 150px) 100vw, 150px\" \/><\/a>\n\t\t\t<\/div><\/figure><figure class='gallery-item'>\n\t\t\t<div class='gallery-icon landscape'>\n\t\t\t\t<a href='https:\/\/archive.sana.sy\/tr\/wp-content\/uploads\/2018\/05\/3-39.jpg'><img loading=\"lazy\" decoding=\"async\" width=\"150\" height=\"87\" src=\"https:\/\/archive.sana.sy\/tr\/wp-content\/uploads\/2018\/05\/3-39-150x87.jpg\" class=\"attachment-thumbnail size-thumbnail\" alt=\"\" srcset=\"https:\/\/archive.sana.sy\/tr\/wp-content\/uploads\/2018\/05\/3-39-150x87.jpg 150w, https:\/\/archive.sana.sy\/tr\/wp-content\/uploads\/2018\/05\/3-39-300x175.jpg 300w, https:\/\/archive.sana.sy\/tr\/wp-content\/uploads\/2018\/05\/3-39-768x448.jpg 768w, https:\/\/archive.sana.sy\/tr\/wp-content\/uploads\/2018\/05\/3-39.jpg 835w\" sizes=\"auto, (max-width: 150px) 100vw, 150px\" \/><\/a>\n\t\t\t<\/div><\/figure>\n\t\t<\/div>\n\n","protected":false},"excerpt":{"rendered":"<p>CEZAY\u0130R \u2013 Cezayir\u2019de d\u00fczenlenen Uluslararas\u0131 Elit Boks \u015eampiyonas\u0131na kat\u0131lan Cey\u015f Tak\u0131m\u0131 uluslar aras\u0131 ba\u015far\u0131lar\u0131na bir yenisini daha ekledi. Tak\u0131m Ba\u015fkan\u0131 Vail Ali, dikkat \u00e7ekici y\u00fcksek bir performans sunan Cey\u015f Tak\u0131m\u0131n\u0131n uluslar aras\u0131 elit boks\u00f6rler aras\u0131nda \u00f6nemli bir ba\u015far\u0131 kaydetti\u011fini belirtti. Ali tak\u0131m oyuncular\u0131n\u0131n \u015fampiyonada 3 alt\u0131n ve 2 g\u00fcm\u00fc\u015f olmak \u00fczere toplam 5 madalya kazand\u0131klar\u0131n\u0131 &hellip;<\/p>\n","protected":false},"author":1,"featured_media":148710,"comment_status":"closed","ping_status":"closed","sticky":false,"template":"","format":"standard","meta":{"footnotes":""},"categories":[458,498,459,17988,496],"tags":[20359,36134,16591,36135,29226],"class_list":["post-148709","post","type-post","status-publish","format-standard","has-post-thumbnail","","category-dunya1","category-dunya-turnuvalari","category-haberler-arap-uluslararasi-politika","category-son-haberler","category-spor","tag-altin-madalya","tag-boks-sampiyonasi","tag-suriye","tag-suriyeli-boksorler","tag-suriyeli-sporcular"],"_links":{"self":[{"href":"https:\/\/archive.sana.sy\/tr\/index.php?rest_route=\/wp\/v2\/posts\/148709","targetHints":{"allow":["GET"]}}],"collection":[{"href":"https:\/\/archive.sana.sy\/tr\/index.php?rest_route=\/wp\/v2\/posts"}],"about":[{"href":"https:\/\/archive.sana.sy\/tr\/index.php?rest_route=\/wp\/v2\/types\/post"}],"author":[{"embeddable":true,"href":"https:\/\/archive.sana.sy\/tr\/index.php?rest_route=\/wp\/v2\/users\/1"}],"replies":[{"embeddable":true,"href":"https:\/\/archive.sana.sy\/tr\/index.php?rest_route=%2Fwp%2Fv2%2Fcomments&post=148709"}],"version-history":[{"count":0,"href":"https:\/\/archive.sana.sy\/tr\/index.php?rest_route=\/wp\/v2\/posts\/148709\/revisions"}],"wp:featuredmedia":[{"embeddable":true,"href":"https:\/\/archive.sana.sy\/tr\/index.php?rest_route=\/wp\/v2\/media\/148710"}],"wp:attachment":[{"href":"https:\/\/archive.sana.sy\/tr\/index.php?rest_route=%2Fwp%2Fv2%2Fmedia&parent=148709"}],"wp:term":[{"taxonomy":"category","embeddable":true,"href":"https:\/\/archive.sana.sy\/tr\/index.php?rest_route=%2Fwp%2Fv2%2Fcategories&post=148709"},{"taxonomy":"post_tag","embeddable":true,"href":"https:\/\/archive.sana.sy\/tr\/index.php?rest_route=%2Fwp%2Fv2%2Ftags&post=148709"}],"curies":[{"name":"wp","href":"https:\/\/api.w.org\/{rel}","templated":true}]}}