{"id":148818,"date":"2018-05-08T16:20:24","date_gmt":"2018-05-08T13:20:24","guid":{"rendered":"https:\/\/www.sana.sy\/tr\/?p=148818"},"modified":"2018-05-10T11:38:16","modified_gmt":"2018-05-10T08:38:16","slug":"samin-guney-kenarlarinda-radikal-teroristler-samda-sivil-vatandaslari-fuzelerle-hedef-aldi","status":"publish","type":"post","link":"https:\/\/archive.sana.sy\/tr\/?p=148818","title":{"rendered":"\u015eam\u2019\u0131n g\u00fcney kenarlar\u0131nda radikal ter\u00f6ristler \u015eam\u2019da sivil vatanda\u015flar\u0131 f\u00fczelerle hedef ald\u0131"},"content":{"rendered":"<p>\u015eam\u2019\u0131n g\u00fcney kenarlar\u0131nda radikal ter\u00f6ristler \u015eam\u2019da sivil vatanda\u015flar\u0131 f\u00fczelerle hedef ald\u0131<\/p>\n<p>https:\/\/www.youtube.com\/watch?v=Lr-bIItLzrY<\/p>\n","protected":false},"excerpt":{"rendered":"<p>\u015eam\u2019\u0131n g\u00fcney kenarlar\u0131nda radikal ter\u00f6ristler \u015eam\u2019da sivil vatanda\u015flar\u0131 f\u00fczelerle hedef ald\u0131 https:\/\/www.youtube.com\/watch?v=Lr-bIItLzrY<\/p>\n","protected":false},"author":1,"featured_media":148700,"comment_status":"closed","ping_status":"closed","sticky":false,"template":"","format":"standard","meta":{"footnotes":""},"categories":[18295],"tags":[2755,18674,18174,24111,16591,19034,22181],"class_list":["post-148818","post","type-post","status-publish","format-standard","has-post-thumbnail","","category-sana-video","tag-sam","tag-silahli-muhalifler","tag-sivillere-saldiri","tag-sivilleri-bombaladi","tag-suriye","tag-suriyeli-muhalifler","tag-suriyeliler"],"_links":{"self":[{"href":"https:\/\/archive.sana.sy\/tr\/index.php?rest_route=\/wp\/v2\/posts\/148818","targetHints":{"allow":["GET"]}}],"collection":[{"href":"https:\/\/archive.sana.sy\/tr\/index.php?rest_route=\/wp\/v2\/posts"}],"about":[{"href":"https:\/\/archive.sana.sy\/tr\/index.php?rest_route=\/wp\/v2\/types\/post"}],"author":[{"embeddable":true,"href":"https:\/\/archive.sana.sy\/tr\/index.php?rest_route=\/wp\/v2\/users\/1"}],"replies":[{"embeddable":true,"href":"https:\/\/archive.sana.sy\/tr\/index.php?rest_route=%2Fwp%2Fv2%2Fcomments&post=148818"}],"version-history":[{"count":0,"href":"https:\/\/archive.sana.sy\/tr\/index.php?rest_route=\/wp\/v2\/posts\/148818\/revisions"}],"wp:featuredmedia":[{"embeddable":true,"href":"https:\/\/archive.sana.sy\/tr\/index.php?rest_route=\/wp\/v2\/media\/148700"}],"wp:attachment":[{"href":"https:\/\/archive.sana.sy\/tr\/index.php?rest_route=%2Fwp%2Fv2%2Fmedia&parent=148818"}],"wp:term":[{"taxonomy":"category","embeddable":true,"href":"https:\/\/archive.sana.sy\/tr\/index.php?rest_route=%2Fwp%2Fv2%2Fcategories&post=148818"},{"taxonomy":"post_tag","embeddable":true,"href":"https:\/\/archive.sana.sy\/tr\/index.php?rest_route=%2Fwp%2Fv2%2Ftags&post=148818"}],"curies":[{"name":"wp","href":"https:\/\/api.w.org\/{rel}","templated":true}]}}