{"id":148854,"date":"2018-05-10T13:56:01","date_gmt":"2018-05-10T10:56:01","guid":{"rendered":"https:\/\/www.sana.sy\/tr\/?p=148854"},"modified":"2018-05-10T13:55:37","modified_gmt":"2018-05-10T10:55:37","slug":"genel-komutanlik-bugun-yayinladigi-askeri-beyanda-dusman-saldiriya-karsi-bu-basarilarinin-ordu-birliklerimizin-ulusal-egemenlik-ve-onuru-savunmaya-her-zaman-hazir-ve-muktedir-olduklarini-kanitladigin","status":"publish","type":"post","link":"https:\/\/archive.sana.sy\/tr\/?p=148854","title":{"rendered":"Genel Komutanl\u0131k bug\u00fcn yay\u0131nlad\u0131\u011f\u0131 askeri beyanda; d\u00fc\u015fman sald\u0131r\u0131ya kar\u015f\u0131 bu ba\u015far\u0131lar\u0131n\u0131n ordu birliklerimizin ulusal egemenlik ve onuru savunmaya her zaman haz\u0131r ve muktedir olduklar\u0131n\u0131 kan\u0131tlad\u0131\u011f\u0131n\u0131 vurgulad\u0131."},"content":{"rendered":"<p>Genel Komutanl\u0131k bug\u00fcn yay\u0131nlad\u0131\u011f\u0131 askeri beyanda; d\u00fc\u015fman sald\u0131r\u0131ya kar\u015f\u0131 bu ba\u015far\u0131lar\u0131n\u0131n ordu birliklerimizin ulusal egemenlik ve onuru savunmaya her zaman haz\u0131r ve muktedir olduklar\u0131n\u0131 kan\u0131tlad\u0131\u011f\u0131n\u0131 vurgulad\u0131.<\/p>\n","protected":false},"excerpt":{"rendered":"<p>Genel Komutanl\u0131k bug\u00fcn yay\u0131nlad\u0131\u011f\u0131 askeri beyanda; d\u00fc\u015fman sald\u0131r\u0131ya kar\u015f\u0131 bu ba\u015far\u0131lar\u0131n\u0131n ordu birliklerimizin ulusal egemenlik ve onuru savunmaya her zaman haz\u0131r ve muktedir olduklar\u0131n\u0131 kan\u0131tlad\u0131\u011f\u0131n\u0131 vurgulad\u0131.<\/p>\n","protected":false},"author":1,"featured_media":0,"comment_status":"closed","ping_status":"closed","sticky":false,"template":"","format":"standard","meta":{"footnotes":""},"categories":[17991],"tags":[],"class_list":["post-148854","post","type-post","status-publish","format-standard","","category-son-dakika"],"_links":{"self":[{"href":"https:\/\/archive.sana.sy\/tr\/index.php?rest_route=\/wp\/v2\/posts\/148854","targetHints":{"allow":["GET"]}}],"collection":[{"href":"https:\/\/archive.sana.sy\/tr\/index.php?rest_route=\/wp\/v2\/posts"}],"about":[{"href":"https:\/\/archive.sana.sy\/tr\/index.php?rest_route=\/wp\/v2\/types\/post"}],"author":[{"embeddable":true,"href":"https:\/\/archive.sana.sy\/tr\/index.php?rest_route=\/wp\/v2\/users\/1"}],"replies":[{"embeddable":true,"href":"https:\/\/archive.sana.sy\/tr\/index.php?rest_route=%2Fwp%2Fv2%2Fcomments&post=148854"}],"version-history":[{"count":0,"href":"https:\/\/archive.sana.sy\/tr\/index.php?rest_route=\/wp\/v2\/posts\/148854\/revisions"}],"wp:attachment":[{"href":"https:\/\/archive.sana.sy\/tr\/index.php?rest_route=%2Fwp%2Fv2%2Fmedia&parent=148854"}],"wp:term":[{"taxonomy":"category","embeddable":true,"href":"https:\/\/archive.sana.sy\/tr\/index.php?rest_route=%2Fwp%2Fv2%2Fcategories&post=148854"},{"taxonomy":"post_tag","embeddable":true,"href":"https:\/\/archive.sana.sy\/tr\/index.php?rest_route=%2Fwp%2Fv2%2Ftags&post=148854"}],"curies":[{"name":"wp","href":"https:\/\/api.w.org\/{rel}","templated":true}]}}