{"id":148856,"date":"2018-05-10T14:00:18","date_gmt":"2018-05-10T11:00:18","guid":{"rendered":"https:\/\/www.sana.sy\/tr\/?p=148856"},"modified":"2018-05-10T13:58:20","modified_gmt":"2018-05-10T10:58:20","slug":"hava-savunma-guclerimizin-gece-ve-erken-saatlerde-israilin-fuze-dalgalarina-karsi-koyarken-dusman-fuzelerin-buyuk-cogunlugunu-hedeflerine-ulasmadan-once-imha-ettiklerine-dikkat-ceken-komutanlik-isr","status":"publish","type":"post","link":"https:\/\/archive.sana.sy\/tr\/?p=148856","title":{"rendered":"Hava savunma g\u00fc\u00e7lerimizin gece ve erken saatlerde \u0130srail&#8217;in f\u00fcze dalgalar\u0131na kar\u015f\u0131 koyarken d\u00fc\u015fman f\u00fczelerin b\u00fcy\u00fck \u00e7o\u011funlu\u011funu hedeflerine ula\u015fmadan \u00f6nce imha ettiklerine dikkat \u00e7eken komutanl\u0131k; \u0130srail&#8217;in bir\u00e7ok y\u00f6nde askeri mevkilerimize sald\u0131rmaya \u00e7al\u0131\u015ft\u0131\u011f\u0131n\u0131 belirtti."},"content":{"rendered":"<p>Hava savunma g\u00fc\u00e7lerimizin gece ve erken saatlerde \u0130srail&#8217;in f\u00fcze dalgalar\u0131na kar\u015f\u0131 koyarken d\u00fc\u015fman f\u00fczelerin b\u00fcy\u00fck \u00e7o\u011funlu\u011funu hedeflerine ula\u015fmadan \u00f6nce imha ettiklerine dikkat \u00e7eken komutanl\u0131k; \u0130srail&#8217;in bir\u00e7ok y\u00f6nde askeri mevkilerimize sald\u0131rmaya \u00e7al\u0131\u015ft\u0131\u011f\u0131n\u0131 belirtti.<\/p>\n","protected":false},"excerpt":{"rendered":"<p>Hava savunma g\u00fc\u00e7lerimizin gece ve erken saatlerde \u0130srail&#8217;in f\u00fcze dalgalar\u0131na kar\u015f\u0131 koyarken d\u00fc\u015fman f\u00fczelerin b\u00fcy\u00fck \u00e7o\u011funlu\u011funu hedeflerine ula\u015fmadan \u00f6nce imha ettiklerine dikkat \u00e7eken komutanl\u0131k; \u0130srail&#8217;in bir\u00e7ok y\u00f6nde askeri mevkilerimize sald\u0131rmaya \u00e7al\u0131\u015ft\u0131\u011f\u0131n\u0131 belirtti.<\/p>\n","protected":false},"author":1,"featured_media":0,"comment_status":"closed","ping_status":"closed","sticky":false,"template":"","format":"standard","meta":{"footnotes":""},"categories":[17991],"tags":[],"class_list":["post-148856","post","type-post","status-publish","format-standard","","category-son-dakika"],"_links":{"self":[{"href":"https:\/\/archive.sana.sy\/tr\/index.php?rest_route=\/wp\/v2\/posts\/148856","targetHints":{"allow":["GET"]}}],"collection":[{"href":"https:\/\/archive.sana.sy\/tr\/index.php?rest_route=\/wp\/v2\/posts"}],"about":[{"href":"https:\/\/archive.sana.sy\/tr\/index.php?rest_route=\/wp\/v2\/types\/post"}],"author":[{"embeddable":true,"href":"https:\/\/archive.sana.sy\/tr\/index.php?rest_route=\/wp\/v2\/users\/1"}],"replies":[{"embeddable":true,"href":"https:\/\/archive.sana.sy\/tr\/index.php?rest_route=%2Fwp%2Fv2%2Fcomments&post=148856"}],"version-history":[{"count":0,"href":"https:\/\/archive.sana.sy\/tr\/index.php?rest_route=\/wp\/v2\/posts\/148856\/revisions"}],"wp:attachment":[{"href":"https:\/\/archive.sana.sy\/tr\/index.php?rest_route=%2Fwp%2Fv2%2Fmedia&parent=148856"}],"wp:term":[{"taxonomy":"category","embeddable":true,"href":"https:\/\/archive.sana.sy\/tr\/index.php?rest_route=%2Fwp%2Fv2%2Fcategories&post=148856"},{"taxonomy":"post_tag","embeddable":true,"href":"https:\/\/archive.sana.sy\/tr\/index.php?rest_route=%2Fwp%2Fv2%2Ftags&post=148856"}],"curies":[{"name":"wp","href":"https:\/\/api.w.org\/{rel}","templated":true}]}}