{"id":148861,"date":"2018-05-10T14:05:46","date_gmt":"2018-05-10T11:05:46","guid":{"rendered":"https:\/\/www.sana.sy\/tr\/?p=148861"},"modified":"2018-05-10T14:03:04","modified_gmt":"2018-05-10T11:03:04","slug":"komutanlik-dusman-saldirida-3-kahramanimizin-sehit-2-kahramanimizin-da-yarali-dustuklerini-belirtti","status":"publish","type":"post","link":"https:\/\/archive.sana.sy\/tr\/?p=148861","title":{"rendered":"Komutanl\u0131k d\u00fc\u015fman sald\u0131r\u0131da 3 kahraman\u0131m\u0131z\u0131n \u015fehit, 2 kahraman\u0131m\u0131z\u0131n da yaral\u0131 d\u00fc\u015ft\u00fcklerini belirtti."},"content":{"rendered":"<p>Komutanl\u0131k d\u00fc\u015fman sald\u0131r\u0131da 3 kahraman\u0131m\u0131z\u0131n \u015fehit, 2 kahraman\u0131m\u0131z\u0131n da yaral\u0131 d\u00fc\u015ft\u00fcklerini belirtti.<\/p>\n","protected":false},"excerpt":{"rendered":"<p>Komutanl\u0131k d\u00fc\u015fman sald\u0131r\u0131da 3 kahraman\u0131m\u0131z\u0131n \u015fehit, 2 kahraman\u0131m\u0131z\u0131n da yaral\u0131 d\u00fc\u015ft\u00fcklerini belirtti.<\/p>\n","protected":false},"author":1,"featured_media":0,"comment_status":"closed","ping_status":"closed","sticky":false,"template":"","format":"standard","meta":{"footnotes":""},"categories":[17991],"tags":[],"class_list":["post-148861","post","type-post","status-publish","format-standard","","category-son-dakika"],"_links":{"self":[{"href":"https:\/\/archive.sana.sy\/tr\/index.php?rest_route=\/wp\/v2\/posts\/148861","targetHints":{"allow":["GET"]}}],"collection":[{"href":"https:\/\/archive.sana.sy\/tr\/index.php?rest_route=\/wp\/v2\/posts"}],"about":[{"href":"https:\/\/archive.sana.sy\/tr\/index.php?rest_route=\/wp\/v2\/types\/post"}],"author":[{"embeddable":true,"href":"https:\/\/archive.sana.sy\/tr\/index.php?rest_route=\/wp\/v2\/users\/1"}],"replies":[{"embeddable":true,"href":"https:\/\/archive.sana.sy\/tr\/index.php?rest_route=%2Fwp%2Fv2%2Fcomments&post=148861"}],"version-history":[{"count":0,"href":"https:\/\/archive.sana.sy\/tr\/index.php?rest_route=\/wp\/v2\/posts\/148861\/revisions"}],"wp:attachment":[{"href":"https:\/\/archive.sana.sy\/tr\/index.php?rest_route=%2Fwp%2Fv2%2Fmedia&parent=148861"}],"wp:term":[{"taxonomy":"category","embeddable":true,"href":"https:\/\/archive.sana.sy\/tr\/index.php?rest_route=%2Fwp%2Fv2%2Fcategories&post=148861"},{"taxonomy":"post_tag","embeddable":true,"href":"https:\/\/archive.sana.sy\/tr\/index.php?rest_route=%2Fwp%2Fv2%2Ftags&post=148861"}],"curies":[{"name":"wp","href":"https:\/\/api.w.org\/{rel}","templated":true}]}}