{"id":148862,"date":"2018-05-10T14:05:40","date_gmt":"2018-05-10T11:05:40","guid":{"rendered":"https:\/\/www.sana.sy\/tr\/?p=148862"},"modified":"2018-05-10T14:05:40","modified_gmt":"2018-05-10T11:05:40","slug":"vatan-koruyucularimizin-suriye-ve-halkina-karsi-saldirilara-sorumluluk-ve-duyarlilikla-karsi-koymaya-her-daim-hazir-olduklarinin-altini-cizen-komutanlik-ordu-birliklerimiz-karsisinda-yok-olmakta-olan","status":"publish","type":"post","link":"https:\/\/archive.sana.sy\/tr\/?p=148862","title":{"rendered":"Vatan koruyucular\u0131m\u0131z\u0131n Suriye ve halk\u0131na kar\u015f\u0131 sald\u0131r\u0131lara sorumluluk ve duyarl\u0131l\u0131kla kar\u015f\u0131 koymaya her daim haz\u0131r olduklar\u0131n\u0131n alt\u0131n\u0131 \u00e7izen komutanl\u0131k; ordu birliklerimiz kar\u015f\u0131s\u0131nda yok olmakta olan ter\u00f6re destek ama\u00e7l\u0131 herhangi bir \u00e7aban\u0131n k\u0131s\u0131r kalaca\u011f\u0131n\u0131 bir kez daha vurgulad\u0131."},"content":{"rendered":"<p>Vatan koruyucular\u0131m\u0131z\u0131n Suriye ve halk\u0131na kar\u015f\u0131 sald\u0131r\u0131lara sorumluluk ve duyarl\u0131l\u0131kla kar\u015f\u0131 koymaya her daim haz\u0131r olduklar\u0131n\u0131n alt\u0131n\u0131 \u00e7izen komutanl\u0131k; ordu birliklerimiz kar\u015f\u0131s\u0131nda yok olmakta olan ter\u00f6re destek ama\u00e7l\u0131 herhangi bir \u00e7aban\u0131n k\u0131s\u0131r kalaca\u011f\u0131n\u0131 bir kez daha vurgulad\u0131.<\/p>\n","protected":false},"excerpt":{"rendered":"<p>Vatan koruyucular\u0131m\u0131z\u0131n Suriye ve halk\u0131na kar\u015f\u0131 sald\u0131r\u0131lara sorumluluk ve duyarl\u0131l\u0131kla kar\u015f\u0131 koymaya her daim haz\u0131r olduklar\u0131n\u0131n alt\u0131n\u0131 \u00e7izen komutanl\u0131k; ordu birliklerimiz kar\u015f\u0131s\u0131nda yok olmakta olan ter\u00f6re destek ama\u00e7l\u0131 herhangi bir \u00e7aban\u0131n k\u0131s\u0131r kalaca\u011f\u0131n\u0131 bir kez daha vurgulad\u0131.<\/p>\n","protected":false},"author":1,"featured_media":0,"comment_status":"closed","ping_status":"closed","sticky":false,"template":"","format":"standard","meta":{"footnotes":""},"categories":[17991],"tags":[],"class_list":["post-148862","post","type-post","status-publish","format-standard","","category-son-dakika"],"_links":{"self":[{"href":"https:\/\/archive.sana.sy\/tr\/index.php?rest_route=\/wp\/v2\/posts\/148862","targetHints":{"allow":["GET"]}}],"collection":[{"href":"https:\/\/archive.sana.sy\/tr\/index.php?rest_route=\/wp\/v2\/posts"}],"about":[{"href":"https:\/\/archive.sana.sy\/tr\/index.php?rest_route=\/wp\/v2\/types\/post"}],"author":[{"embeddable":true,"href":"https:\/\/archive.sana.sy\/tr\/index.php?rest_route=\/wp\/v2\/users\/1"}],"replies":[{"embeddable":true,"href":"https:\/\/archive.sana.sy\/tr\/index.php?rest_route=%2Fwp%2Fv2%2Fcomments&post=148862"}],"version-history":[{"count":0,"href":"https:\/\/archive.sana.sy\/tr\/index.php?rest_route=\/wp\/v2\/posts\/148862\/revisions"}],"wp:attachment":[{"href":"https:\/\/archive.sana.sy\/tr\/index.php?rest_route=%2Fwp%2Fv2%2Fmedia&parent=148862"}],"wp:term":[{"taxonomy":"category","embeddable":true,"href":"https:\/\/archive.sana.sy\/tr\/index.php?rest_route=%2Fwp%2Fv2%2Fcategories&post=148862"},{"taxonomy":"post_tag","embeddable":true,"href":"https:\/\/archive.sana.sy\/tr\/index.php?rest_route=%2Fwp%2Fv2%2Ftags&post=148862"}],"curies":[{"name":"wp","href":"https:\/\/api.w.org\/{rel}","templated":true}]}}