{"id":148864,"date":"2018-05-10T14:08:28","date_gmt":"2018-05-10T11:08:28","guid":{"rendered":"https:\/\/www.sana.sy\/tr\/?p=148864"},"modified":"2018-05-10T14:08:04","modified_gmt":"2018-05-10T11:08:04","slug":"suriyenin-devlet-halk-ve-ordu-olarak-vatan-topraklarinin-her-karisini-teror-ve-destekcilerinden-kurtarip-ulusal-egemenlik-ve-toprak-butunlugunu-koruma-azim-ve-kararliliginin-altini-cizen-komutanlik","status":"publish","type":"post","link":"https:\/\/archive.sana.sy\/tr\/?p=148864","title":{"rendered":"Suriye&#8217;nin devlet, halk ve ordu olarak vatan topraklar\u0131n\u0131n her kar\u0131\u015f\u0131n\u0131 ter\u00f6r ve destek\u00e7ilerinden kurtar\u0131p ulusal egemenlik ve toprak b\u00fct\u00fcnl\u00fc\u011f\u00fcn\u00fc koruma azim ve kararl\u0131l\u0131\u011f\u0131n\u0131n alt\u0131n\u0131 \u00e7izen komutanl\u0131k, hi\u00e7bir sald\u0131r\u0131 ya da \u00e7aban\u0131n bu kararl\u0131l\u0131\u011f\u0131 sabote edemeyece\u011fini vurgulad\u0131."},"content":{"rendered":"<p>Suriye&#8217;nin devlet, halk ve ordu olarak vatan topraklar\u0131n\u0131n her kar\u0131\u015f\u0131n\u0131 ter\u00f6r ve destek\u00e7ilerinden kurtar\u0131p ulusal egemenlik ve toprak b\u00fct\u00fcnl\u00fc\u011f\u00fcn\u00fc koruma azim ve kararl\u0131l\u0131\u011f\u0131n\u0131n alt\u0131n\u0131 \u00e7izen komutanl\u0131k, hi\u00e7bir sald\u0131r\u0131 ya da \u00e7aban\u0131n bu kararl\u0131l\u0131\u011f\u0131 sabote edemeyece\u011fini vurgulad\u0131.<\/p>\n","protected":false},"excerpt":{"rendered":"<p>Suriye&#8217;nin devlet, halk ve ordu olarak vatan topraklar\u0131n\u0131n her kar\u0131\u015f\u0131n\u0131 ter\u00f6r ve destek\u00e7ilerinden kurtar\u0131p ulusal egemenlik ve toprak b\u00fct\u00fcnl\u00fc\u011f\u00fcn\u00fc koruma azim ve kararl\u0131l\u0131\u011f\u0131n\u0131n alt\u0131n\u0131 \u00e7izen komutanl\u0131k, hi\u00e7bir sald\u0131r\u0131 ya da \u00e7aban\u0131n bu kararl\u0131l\u0131\u011f\u0131 sabote edemeyece\u011fini vurgulad\u0131.<\/p>\n","protected":false},"author":1,"featured_media":0,"comment_status":"closed","ping_status":"closed","sticky":false,"template":"","format":"standard","meta":{"footnotes":""},"categories":[17991],"tags":[],"class_list":["post-148864","post","type-post","status-publish","format-standard","","category-son-dakika"],"_links":{"self":[{"href":"https:\/\/archive.sana.sy\/tr\/index.php?rest_route=\/wp\/v2\/posts\/148864","targetHints":{"allow":["GET"]}}],"collection":[{"href":"https:\/\/archive.sana.sy\/tr\/index.php?rest_route=\/wp\/v2\/posts"}],"about":[{"href":"https:\/\/archive.sana.sy\/tr\/index.php?rest_route=\/wp\/v2\/types\/post"}],"author":[{"embeddable":true,"href":"https:\/\/archive.sana.sy\/tr\/index.php?rest_route=\/wp\/v2\/users\/1"}],"replies":[{"embeddable":true,"href":"https:\/\/archive.sana.sy\/tr\/index.php?rest_route=%2Fwp%2Fv2%2Fcomments&post=148864"}],"version-history":[{"count":0,"href":"https:\/\/archive.sana.sy\/tr\/index.php?rest_route=\/wp\/v2\/posts\/148864\/revisions"}],"wp:attachment":[{"href":"https:\/\/archive.sana.sy\/tr\/index.php?rest_route=%2Fwp%2Fv2%2Fmedia&parent=148864"}],"wp:term":[{"taxonomy":"category","embeddable":true,"href":"https:\/\/archive.sana.sy\/tr\/index.php?rest_route=%2Fwp%2Fv2%2Fcategories&post=148864"},{"taxonomy":"post_tag","embeddable":true,"href":"https:\/\/archive.sana.sy\/tr\/index.php?rest_route=%2Fwp%2Fv2%2Ftags&post=148864"}],"curies":[{"name":"wp","href":"https:\/\/api.w.org\/{rel}","templated":true}]}}