{"id":148866,"date":"2018-05-10T14:15:44","date_gmt":"2018-05-10T11:15:44","guid":{"rendered":"https:\/\/www.sana.sy\/tr\/?p=148866"},"modified":"2018-05-11T12:22:12","modified_gmt":"2018-05-11T09:22:12","slug":"hava-savunma-guclerimiz-vatan-ve-vatandaslari-savunma-gucunu-kanitladi-video","status":"publish","type":"post","link":"https:\/\/archive.sana.sy\/tr\/?p=148866","title":{"rendered":"Hava Savunma G\u00fc\u00e7lerimiz Vatan ve Vatanda\u015flar\u0131 Savunma G\u00fcc\u00fcn\u00fc Kan\u0131tlad\u0131 (video)"},"content":{"rendered":"<p>\u015eAM \u2013 Ordu ve Silahl\u0131 Kuvvetler Genel Komutanl\u0131\u011f\u0131; kahraman ordu birliklerimizin, d\u00fc\u015fman \u0130srail&#8217;in Suriye&#8217;ye kar\u015f\u0131 f\u00fczelerle bulundu\u011fu sald\u0131r\u0131ya ba\u015far\u0131yla kar\u015f\u0131 koyduklar\u0131n\u0131 belirtti.<\/p>\n<p>Genel Komutanl\u0131k bug\u00fcn yay\u0131nlad\u0131\u011f\u0131 askeri beyanda; d\u00fc\u015fman sald\u0131r\u0131ya kar\u015f\u0131 bu ba\u015far\u0131lar\u0131n\u0131n ordu birliklerimizin ulusal egemenlik ve onuru savunmaya her zaman haz\u0131r ve muktedir olduklar\u0131n\u0131 kan\u0131tlad\u0131\u011f\u0131n\u0131 vurgulad\u0131.<\/p>\n<p>Hava savunma g\u00fc\u00e7lerimizin gece ve erken saatlerde \u0130srail&#8217;in f\u00fcze dalgalar\u0131na kar\u015f\u0131 koyarken d\u00fc\u015fman f\u00fczelerin b\u00fcy\u00fck \u00e7o\u011funlu\u011funu hedeflerine ula\u015fmadan \u00f6nce imha ettiklerine dikkat \u00e7eken komutanl\u0131k; \u0130srail&#8217;in bir\u00e7ok y\u00f6nde askeri mevkilerimize sald\u0131rmaya \u00e7al\u0131\u015ft\u0131\u011f\u0131n\u0131 belirtti. Komutanl\u0131k hava savunma g\u00fc\u00e7lerimizin bu ba\u015far\u0131yla Suriye ve halk\u0131n\u0131 nitelikli bir \u015fekilde savunmaya her daim haz\u0131r oldu\u011funu g\u00f6sterdiklerini ifade etti.<\/p>\n<p>D\u00fc\u015fman \u0130srail f\u00fczelerinin bir k\u0131sm\u0131n\u0131n hedeflere isabet etti\u011fini kaydeden komutanl\u0131k; bunun sonucunda bir radar istasyonu, bir cephane deposu ve birka\u00e7 hava savunma taburunun maddi hasarlar g\u00f6rd\u00fcklerini a\u00e7\u0131klad\u0131. Komutanl\u0131k d\u00fc\u015fman sald\u0131r\u0131da 3 kahraman\u0131m\u0131z\u0131n \u015fehit, 2 kahraman\u0131m\u0131z\u0131n da yaral\u0131 d\u00fc\u015ft\u00fcklerini belirtti.<\/p>\n<p>Vatan koruyucular\u0131m\u0131z\u0131n Suriye ve halk\u0131na kar\u015f\u0131 sald\u0131r\u0131lara sorumluluk ve duyarl\u0131l\u0131kla kar\u015f\u0131 koymaya her daim haz\u0131r olduklar\u0131n\u0131n alt\u0131n\u0131 \u00e7izen komutanl\u0131k; ordu birliklerimiz kar\u015f\u0131s\u0131nda yok olmakta olan ter\u00f6re destek ama\u00e7l\u0131 herhangi bir \u00e7aban\u0131n k\u0131s\u0131r kalaca\u011f\u0131n\u0131 bir kez daha vurgulad\u0131.<\/p>\n<p>Suriye&#8217;nin devlet, halk ve ordu olarak vatan topraklar\u0131n\u0131n her kar\u0131\u015f\u0131n\u0131 ter\u00f6r ve destek\u00e7ilerinden kurtar\u0131p ulusal egemenlik ve toprak b\u00fct\u00fcnl\u00fc\u011f\u00fcn\u00fc koruma azim ve kararl\u0131l\u0131\u011f\u0131n\u0131n alt\u0131n\u0131 \u00e7izen komutanl\u0131k, hi\u00e7bir sald\u0131r\u0131 ya da \u00e7aban\u0131n bu kararl\u0131l\u0131\u011f\u0131 sabote edemeyece\u011fini vurgulad\u0131.<\/p>\n<p>Ordu ve Silahl\u0131 Kuvvetler Genel Komutanl\u0131\u011f\u0131 vatan koruyucular\u0131 ordu birliklerimizin Suriye ve halk\u0131n\u0131n g\u00fcvenli\u011fini, egemenli\u011fini ve onurunu savunmada kutsal g\u00f6revini her daim en iyi \u015fekilde ifa etme kararl\u0131l\u0131\u011f\u0131nda olduklar\u0131n\u0131 belirtti. Bu ba\u011flamda Suriye&#8217;de farkl\u0131 isimler ve kollar alt\u0131nda faaliyet g\u00f6steren ter\u00f6r\u00fc k\u00f6k\u00fcnden kazma \u0131srar\u0131n\u0131n alt\u0131n\u0131 \u00e7izen komutanl\u0131k, Suriye&#8217;nin ter\u00f6r ve destek\u00e7ilerine kar\u015f\u0131 \u015fanl\u0131 zaferinin kesin oldu\u011funu kaydetti.<\/p>\n<p>https:\/\/www.youtube.com\/watch?v=QsYWOLSGPfc<\/p>\n","protected":false},"excerpt":{"rendered":"<p>\u015eAM \u2013 Ordu ve Silahl\u0131 Kuvvetler Genel Komutanl\u0131\u011f\u0131; kahraman ordu birliklerimizin, d\u00fc\u015fman \u0130srail&#8217;in Suriye&#8217;ye kar\u015f\u0131 f\u00fczelerle bulundu\u011fu sald\u0131r\u0131ya ba\u015far\u0131yla kar\u015f\u0131 koyduklar\u0131n\u0131 belirtti. Genel Komutanl\u0131k bug\u00fcn yay\u0131nlad\u0131\u011f\u0131 askeri beyanda; d\u00fc\u015fman sald\u0131r\u0131ya kar\u015f\u0131 bu ba\u015far\u0131lar\u0131n\u0131n ordu birliklerimizin ulusal egemenlik ve onuru savunmaya her zaman haz\u0131r ve muktedir olduklar\u0131n\u0131 kan\u0131tlad\u0131\u011f\u0131n\u0131 vurgulad\u0131. Hava savunma g\u00fc\u00e7lerimizin gece ve erken saatlerde &hellip;<\/p>\n","protected":false},"author":1,"featured_media":148869,"comment_status":"closed","ping_status":"closed","sticky":false,"template":"","format":"standard","meta":{"footnotes":""},"categories":[479,575,17988,478],"tags":[35857,23924,2755,16591,11549,19314],"class_list":["post-148866","post","type-post","status-publish","format-standard","has-post-thumbnail","","category-haberler-yerel","category-olaylar-ve-gercekler","category-son-haberler","category-yerel","tag-hava-savunma-gucleri","tag-israil-saldirisi","tag-sam","tag-suriye","tag-suriye-ordusu","tag-suriyeye-saldiri"],"_links":{"self":[{"href":"https:\/\/archive.sana.sy\/tr\/index.php?rest_route=\/wp\/v2\/posts\/148866","targetHints":{"allow":["GET"]}}],"collection":[{"href":"https:\/\/archive.sana.sy\/tr\/index.php?rest_route=\/wp\/v2\/posts"}],"about":[{"href":"https:\/\/archive.sana.sy\/tr\/index.php?rest_route=\/wp\/v2\/types\/post"}],"author":[{"embeddable":true,"href":"https:\/\/archive.sana.sy\/tr\/index.php?rest_route=\/wp\/v2\/users\/1"}],"replies":[{"embeddable":true,"href":"https:\/\/archive.sana.sy\/tr\/index.php?rest_route=%2Fwp%2Fv2%2Fcomments&post=148866"}],"version-history":[{"count":0,"href":"https:\/\/archive.sana.sy\/tr\/index.php?rest_route=\/wp\/v2\/posts\/148866\/revisions"}],"wp:featuredmedia":[{"embeddable":true,"href":"https:\/\/archive.sana.sy\/tr\/index.php?rest_route=\/wp\/v2\/media\/148869"}],"wp:attachment":[{"href":"https:\/\/archive.sana.sy\/tr\/index.php?rest_route=%2Fwp%2Fv2%2Fmedia&parent=148866"}],"wp:term":[{"taxonomy":"category","embeddable":true,"href":"https:\/\/archive.sana.sy\/tr\/index.php?rest_route=%2Fwp%2Fv2%2Fcategories&post=148866"},{"taxonomy":"post_tag","embeddable":true,"href":"https:\/\/archive.sana.sy\/tr\/index.php?rest_route=%2Fwp%2Fv2%2Ftags&post=148866"}],"curies":[{"name":"wp","href":"https:\/\/api.w.org\/{rel}","templated":true}]}}