{"id":148868,"date":"2018-05-10T14:17:18","date_gmt":"2018-05-10T11:17:18","guid":{"rendered":"https:\/\/www.sana.sy\/tr\/?p=148868"},"modified":"2018-05-10T14:17:18","modified_gmt":"2018-05-10T11:17:18","slug":"ordu-ve-silahli-kuvvetler-genel-komutanligi-hava-savunma-guclerimizin-dusman-israilin-saldirisina-basariyla-karsi-koyduklarini-belirtti","status":"publish","type":"post","link":"https:\/\/archive.sana.sy\/tr\/?p=148868","title":{"rendered":"Ordu ve Silahl\u0131 Kuvvetler Genel Komutanl\u0131\u011f\u0131 hava savunma g\u00fc\u00e7lerimizin d\u00fc\u015fman \u0130srail&#8217;in sald\u0131r\u0131s\u0131na ba\u015far\u0131yla kar\u015f\u0131 koyduklar\u0131n\u0131 belirtti"},"content":{"rendered":"<p>Ordu ve Silahl\u0131 Kuvvetler Genel Komutanl\u0131\u011f\u0131 hava savunma g\u00fc\u00e7lerimizin d\u00fc\u015fman \u0130srail&#8217;in sald\u0131r\u0131s\u0131na ba\u015far\u0131yla kar\u015f\u0131 koyduklar\u0131n\u0131 belirtti<\/p>\n<p>https:\/\/www.youtube.com\/watch?v=QsYWOLSGPfc<\/p>\n","protected":false},"excerpt":{"rendered":"<p>Ordu ve Silahl\u0131 Kuvvetler Genel Komutanl\u0131\u011f\u0131 hava savunma g\u00fc\u00e7lerimizin d\u00fc\u015fman \u0130srail&#8217;in sald\u0131r\u0131s\u0131na ba\u015far\u0131yla kar\u015f\u0131 koyduklar\u0131n\u0131 belirtti https:\/\/www.youtube.com\/watch?v=QsYWOLSGPfc<\/p>\n","protected":false},"author":1,"featured_media":148869,"comment_status":"closed","ping_status":"closed","sticky":false,"template":"","format":"standard","meta":{"footnotes":""},"categories":[18295],"tags":[35857,23924,36144,16591,11549,19314],"class_list":["post-148868","post","type-post","status-publish","format-standard","has-post-thumbnail","","category-sana-video","tag-hava-savunma-gucleri","tag-israil-saldirisi","tag-ordu-vve-silahli-kuvvetler-genel-komutanligi","tag-suriye","tag-suriye-ordusu","tag-suriyeye-saldiri"],"_links":{"self":[{"href":"https:\/\/archive.sana.sy\/tr\/index.php?rest_route=\/wp\/v2\/posts\/148868","targetHints":{"allow":["GET"]}}],"collection":[{"href":"https:\/\/archive.sana.sy\/tr\/index.php?rest_route=\/wp\/v2\/posts"}],"about":[{"href":"https:\/\/archive.sana.sy\/tr\/index.php?rest_route=\/wp\/v2\/types\/post"}],"author":[{"embeddable":true,"href":"https:\/\/archive.sana.sy\/tr\/index.php?rest_route=\/wp\/v2\/users\/1"}],"replies":[{"embeddable":true,"href":"https:\/\/archive.sana.sy\/tr\/index.php?rest_route=%2Fwp%2Fv2%2Fcomments&post=148868"}],"version-history":[{"count":0,"href":"https:\/\/archive.sana.sy\/tr\/index.php?rest_route=\/wp\/v2\/posts\/148868\/revisions"}],"wp:featuredmedia":[{"embeddable":true,"href":"https:\/\/archive.sana.sy\/tr\/index.php?rest_route=\/wp\/v2\/media\/148869"}],"wp:attachment":[{"href":"https:\/\/archive.sana.sy\/tr\/index.php?rest_route=%2Fwp%2Fv2%2Fmedia&parent=148868"}],"wp:term":[{"taxonomy":"category","embeddable":true,"href":"https:\/\/archive.sana.sy\/tr\/index.php?rest_route=%2Fwp%2Fv2%2Fcategories&post=148868"},{"taxonomy":"post_tag","embeddable":true,"href":"https:\/\/archive.sana.sy\/tr\/index.php?rest_route=%2Fwp%2Fv2%2Ftags&post=148868"}],"curies":[{"name":"wp","href":"https:\/\/api.w.org\/{rel}","templated":true}]}}