{"id":148873,"date":"2018-05-10T14:36:10","date_gmt":"2018-05-10T11:36:10","guid":{"rendered":"https:\/\/www.sana.sy\/tr\/?p=148873"},"modified":"2018-05-11T12:33:39","modified_gmt":"2018-05-11T09:33:39","slug":"israil-ceteleri-yine-sivillere-saldirdi","status":"publish","type":"post","link":"https:\/\/archive.sana.sy\/tr\/?p=148873","title":{"rendered":"\u0130srail \u00c7eteleri Yine Sivillere Sald\u0131rd\u0131"},"content":{"rendered":"<p>DERA \u2013 \u0130srail ve daha ba\u015fka devletlere tabilikleriyle bilinen ve bu devletlerin ajandalar\u0131n\u0131 hayata ge\u00e7irme ama\u00e7l\u0131 ter\u00f6r estiren ter\u00f6r \u00f6rg\u00fctleri bug\u00fcn yine masum sivillere kar\u015f\u0131 sald\u0131r\u0131larda bulundular.<\/p>\n<p>Dera Valili\u011finde bir yetkili SANA\u2019ya a\u00e7\u0131klamalar\u0131nda; Dera Kentinde \u00dcrd\u00fcn s\u0131n\u0131rlar\u0131na yak\u0131n d\u00fc\u015fen Beled Semtinde bulunan ve \u0130srail\u2019e tabilikleriyle bilinen radikal ter\u00f6ristlerin kentin yerle\u015fim alanlar\u0131ndan Dahiye B\u00f6lgesinde sivilleri f\u00fczelerle hedef ald\u0131klar\u0131n\u0131 belirtti.<\/p>\n<p>Yetkili ter\u00f6ristlerin gaddar sald\u0131r\u0131lar\u0131 sonucunda 80 ya\u015flar\u0131nda ya\u015fl\u0131 bir kad\u0131n\u0131n yaraland\u0131\u011f\u0131na dikkat \u00e7ekerken, vatanda\u015flar\u0131n evlerinde de maddi hasarlar\u0131n olu\u015ftu\u011funu kaydetti.<\/p>\n<p>Yetkili bunun \u00fczerine ordu birliklerimizin sald\u0131rgan ter\u00f6ristlerin mevkilerini tespit edip, sald\u0131rgan ter\u00f6ristleri f\u00fcze bataryalar\u0131 ile birlikte imha ettiklerine s\u00f6yledi.<\/p>\n","protected":false},"excerpt":{"rendered":"<p>DERA \u2013 \u0130srail ve daha ba\u015fka devletlere tabilikleriyle bilinen ve bu devletlerin ajandalar\u0131n\u0131 hayata ge\u00e7irme ama\u00e7l\u0131 ter\u00f6r estiren ter\u00f6r \u00f6rg\u00fctleri bug\u00fcn yine masum sivillere kar\u015f\u0131 sald\u0131r\u0131larda bulundular. Dera Valili\u011finde bir yetkili SANA\u2019ya a\u00e7\u0131klamalar\u0131nda; Dera Kentinde \u00dcrd\u00fcn s\u0131n\u0131rlar\u0131na yak\u0131n d\u00fc\u015fen Beled Semtinde bulunan ve \u0130srail\u2019e tabilikleriyle bilinen radikal ter\u00f6ristlerin kentin yerle\u015fim alanlar\u0131ndan Dahiye B\u00f6lgesinde sivilleri f\u00fczelerle &hellip;<\/p>\n","protected":false},"author":1,"featured_media":148875,"comment_status":"closed","ping_status":"closed","sticky":false,"template":"","format":"standard","meta":{"footnotes":""},"categories":[479,575,17988,478],"tags":[1295,17274,18674,18174,24111,16591,19034,22181],"class_list":["post-148873","post","type-post","status-publish","format-standard","has-post-thumbnail","","category-haberler-yerel","category-olaylar-ve-gercekler","category-son-haberler","category-yerel","tag-dera","tag-fuze-saldirisi","tag-silahli-muhalifler","tag-sivillere-saldiri","tag-sivilleri-bombaladi","tag-suriye","tag-suriyeli-muhalifler","tag-suriyeliler"],"_links":{"self":[{"href":"https:\/\/archive.sana.sy\/tr\/index.php?rest_route=\/wp\/v2\/posts\/148873","targetHints":{"allow":["GET"]}}],"collection":[{"href":"https:\/\/archive.sana.sy\/tr\/index.php?rest_route=\/wp\/v2\/posts"}],"about":[{"href":"https:\/\/archive.sana.sy\/tr\/index.php?rest_route=\/wp\/v2\/types\/post"}],"author":[{"embeddable":true,"href":"https:\/\/archive.sana.sy\/tr\/index.php?rest_route=\/wp\/v2\/users\/1"}],"replies":[{"embeddable":true,"href":"https:\/\/archive.sana.sy\/tr\/index.php?rest_route=%2Fwp%2Fv2%2Fcomments&post=148873"}],"version-history":[{"count":0,"href":"https:\/\/archive.sana.sy\/tr\/index.php?rest_route=\/wp\/v2\/posts\/148873\/revisions"}],"wp:featuredmedia":[{"embeddable":true,"href":"https:\/\/archive.sana.sy\/tr\/index.php?rest_route=\/wp\/v2\/media\/148875"}],"wp:attachment":[{"href":"https:\/\/archive.sana.sy\/tr\/index.php?rest_route=%2Fwp%2Fv2%2Fmedia&parent=148873"}],"wp:term":[{"taxonomy":"category","embeddable":true,"href":"https:\/\/archive.sana.sy\/tr\/index.php?rest_route=%2Fwp%2Fv2%2Fcategories&post=148873"},{"taxonomy":"post_tag","embeddable":true,"href":"https:\/\/archive.sana.sy\/tr\/index.php?rest_route=%2Fwp%2Fv2%2Ftags&post=148873"}],"curies":[{"name":"wp","href":"https:\/\/api.w.org\/{rel}","templated":true}]}}