{"id":148879,"date":"2018-05-10T14:44:21","date_gmt":"2018-05-10T11:44:21","guid":{"rendered":"https:\/\/www.sana.sy\/tr\/?p=148879"},"modified":"2018-05-10T14:42:42","modified_gmt":"2018-05-10T11:42:42","slug":"israilin-suriyede-radikal-terore-muhtelif-tur-destegine-isaret-eden-yetkili-kaynak-edatlari-teror-orgutlerin-ordu-birliklerimiz-karsisinda-agir-hezimetleri-ardindan-direk-olarak-mudahale-e","status":"publish","type":"post","link":"https:\/\/archive.sana.sy\/tr\/?p=148879","title":{"rendered":"\u0130srail\u2019in Suriye&#8217;de radikal ter\u00f6re muhtelif t\u00fcr deste\u011fine i\u015faret eden yetkili kaynak; edatlar\u0131 ter\u00f6r \u00f6rg\u00fctlerin ordu birliklerimiz kar\u015f\u0131s\u0131nda a\u011f\u0131r hezimetleri ard\u0131ndan direk olarak m\u00fcdahale etti\u011fini kaydetti."},"content":{"rendered":"<p>\u0130srail\u2019in Suriye&#8217;de radikal ter\u00f6re muhtelif t\u00fcr deste\u011fine i\u015faret eden yetkili kaynak; edatlar\u0131 ter\u00f6r \u00f6rg\u00fctlerin ordu birliklerimiz kar\u015f\u0131s\u0131nda a\u011f\u0131r hezimetleri ard\u0131ndan direk olarak m\u00fcdahale etti\u011fini kaydetti.<\/p>\n","protected":false},"excerpt":{"rendered":"<p>\u0130srail\u2019in Suriye&#8217;de radikal ter\u00f6re muhtelif t\u00fcr deste\u011fine i\u015faret eden yetkili kaynak; edatlar\u0131 ter\u00f6r \u00f6rg\u00fctlerin ordu birliklerimiz kar\u015f\u0131s\u0131nda a\u011f\u0131r hezimetleri ard\u0131ndan direk olarak m\u00fcdahale etti\u011fini kaydetti.<\/p>\n","protected":false},"author":1,"featured_media":0,"comment_status":"closed","ping_status":"closed","sticky":false,"template":"","format":"standard","meta":{"footnotes":""},"categories":[17991],"tags":[],"class_list":["post-148879","post","type-post","status-publish","format-standard","","category-son-dakika"],"_links":{"self":[{"href":"https:\/\/archive.sana.sy\/tr\/index.php?rest_route=\/wp\/v2\/posts\/148879","targetHints":{"allow":["GET"]}}],"collection":[{"href":"https:\/\/archive.sana.sy\/tr\/index.php?rest_route=\/wp\/v2\/posts"}],"about":[{"href":"https:\/\/archive.sana.sy\/tr\/index.php?rest_route=\/wp\/v2\/types\/post"}],"author":[{"embeddable":true,"href":"https:\/\/archive.sana.sy\/tr\/index.php?rest_route=\/wp\/v2\/users\/1"}],"replies":[{"embeddable":true,"href":"https:\/\/archive.sana.sy\/tr\/index.php?rest_route=%2Fwp%2Fv2%2Fcomments&post=148879"}],"version-history":[{"count":0,"href":"https:\/\/archive.sana.sy\/tr\/index.php?rest_route=\/wp\/v2\/posts\/148879\/revisions"}],"wp:attachment":[{"href":"https:\/\/archive.sana.sy\/tr\/index.php?rest_route=%2Fwp%2Fv2%2Fmedia&parent=148879"}],"wp:term":[{"taxonomy":"category","embeddable":true,"href":"https:\/\/archive.sana.sy\/tr\/index.php?rest_route=%2Fwp%2Fv2%2Fcategories&post=148879"},{"taxonomy":"post_tag","embeddable":true,"href":"https:\/\/archive.sana.sy\/tr\/index.php?rest_route=%2Fwp%2Fv2%2Ftags&post=148879"}],"curies":[{"name":"wp","href":"https:\/\/api.w.org\/{rel}","templated":true}]}}