{"id":148881,"date":"2018-05-10T14:47:31","date_gmt":"2018-05-10T11:47:31","guid":{"rendered":"https:\/\/www.sana.sy\/tr\/?p=148881"},"modified":"2018-05-10T14:44:41","modified_gmt":"2018-05-10T11:44:41","slug":"yetkili-kaynak-suriyenin-terorle-mucadelesinin-yeni-bir-surece-girdigine-dikkat-cekerken-edat-olarak-kullanilan-teroristleri-hezimete-ugratmasi-ardindan-suriyenin-simdi-de-teroristlerin-isverenle","status":"publish","type":"post","link":"https:\/\/archive.sana.sy\/tr\/?p=148881","title":{"rendered":"Yetkili kaynak Suriye&#8217;nin ter\u00f6rle m\u00fccadelesinin yeni bir s\u00fcrece girdi\u011fine dikkat \u00e7ekerken, edat olarak kullan\u0131lan ter\u00f6ristleri hezimete u\u011fratmas\u0131 ard\u0131ndan Suriye&#8217;nin \u015fimdi de ter\u00f6ristlerin i\u015fverenleri as\u0131l g\u00fc\u00e7lere kar\u015f\u0131 sava\u015fmaya ba\u015flayaca\u011f\u0131n\u0131 ifade etti."},"content":{"rendered":"<p>Yetkili kaynak Suriye&#8217;nin ter\u00f6rle m\u00fccadelesinin yeni bir s\u00fcrece girdi\u011fine dikkat \u00e7ekerken, edat olarak kullan\u0131lan ter\u00f6ristleri hezimete u\u011fratmas\u0131 ard\u0131ndan Suriye&#8217;nin \u015fimdi de ter\u00f6ristlerin i\u015fverenleri as\u0131l g\u00fc\u00e7lere kar\u015f\u0131 sava\u015fmaya ba\u015flayaca\u011f\u0131n\u0131 ifade etti.<\/p>\n","protected":false},"excerpt":{"rendered":"<p>Yetkili kaynak Suriye&#8217;nin ter\u00f6rle m\u00fccadelesinin yeni bir s\u00fcrece girdi\u011fine dikkat \u00e7ekerken, edat olarak kullan\u0131lan ter\u00f6ristleri hezimete u\u011fratmas\u0131 ard\u0131ndan Suriye&#8217;nin \u015fimdi de ter\u00f6ristlerin i\u015fverenleri as\u0131l g\u00fc\u00e7lere kar\u015f\u0131 sava\u015fmaya ba\u015flayaca\u011f\u0131n\u0131 ifade etti.<\/p>\n","protected":false},"author":1,"featured_media":0,"comment_status":"closed","ping_status":"closed","sticky":false,"template":"","format":"standard","meta":{"footnotes":""},"categories":[17991],"tags":[],"class_list":["post-148881","post","type-post","status-publish","format-standard","","category-son-dakika"],"_links":{"self":[{"href":"https:\/\/archive.sana.sy\/tr\/index.php?rest_route=\/wp\/v2\/posts\/148881","targetHints":{"allow":["GET"]}}],"collection":[{"href":"https:\/\/archive.sana.sy\/tr\/index.php?rest_route=\/wp\/v2\/posts"}],"about":[{"href":"https:\/\/archive.sana.sy\/tr\/index.php?rest_route=\/wp\/v2\/types\/post"}],"author":[{"embeddable":true,"href":"https:\/\/archive.sana.sy\/tr\/index.php?rest_route=\/wp\/v2\/users\/1"}],"replies":[{"embeddable":true,"href":"https:\/\/archive.sana.sy\/tr\/index.php?rest_route=%2Fwp%2Fv2%2Fcomments&post=148881"}],"version-history":[{"count":0,"href":"https:\/\/archive.sana.sy\/tr\/index.php?rest_route=\/wp\/v2\/posts\/148881\/revisions"}],"wp:attachment":[{"href":"https:\/\/archive.sana.sy\/tr\/index.php?rest_route=%2Fwp%2Fv2%2Fmedia&parent=148881"}],"wp:term":[{"taxonomy":"category","embeddable":true,"href":"https:\/\/archive.sana.sy\/tr\/index.php?rest_route=%2Fwp%2Fv2%2Fcategories&post=148881"},{"taxonomy":"post_tag","embeddable":true,"href":"https:\/\/archive.sana.sy\/tr\/index.php?rest_route=%2Fwp%2Fv2%2Ftags&post=148881"}],"curies":[{"name":"wp","href":"https:\/\/api.w.org\/{rel}","templated":true}]}}