{"id":148883,"date":"2018-05-10T14:50:27","date_gmt":"2018-05-10T11:50:27","guid":{"rendered":"https:\/\/www.sana.sy\/tr\/?p=148883"},"modified":"2018-05-10T14:46:49","modified_gmt":"2018-05-10T11:46:49","slug":"israil-ya-da-baskasinin-bu-gibi-saldirilarla-edatlari-teror-orgutleri-yok-olmaktan-kurtarmalari-ya-da-suriye-ve-halkini-hedef-alan-dis-komplolari-hayata-gecirmede-hicbir-faydasi-olmayacaginin-altini-c","status":"publish","type":"post","link":"https:\/\/archive.sana.sy\/tr\/?p=148883","title":{"rendered":"\u0130srail ya da ba\u015fkas\u0131n\u0131n bu gibi sald\u0131r\u0131larla edatlar\u0131 ter\u00f6r \u00f6rg\u00fctleri yok olmaktan kurtarmalar\u0131 ya da Suriye ve halk\u0131n\u0131 hedef alan d\u0131\u015f komplolar\u0131 hayata ge\u00e7irmede hi\u00e7bir faydas\u0131 olmayaca\u011f\u0131n\u0131n alt\u0131n\u0131 \u00e7izen yetkili kaynak, bunun ancak ve ancak b\u00f6lgede gerginli\u011fi t\u0131rmand\u0131r\u0131p uluslar aras\u0131 g\u00fcvenli\u011fi tehdit edece\u011fini belirtti."},"content":{"rendered":"<p>\u0130srail ya da ba\u015fkas\u0131n\u0131n bu gibi sald\u0131r\u0131larla edatlar\u0131 ter\u00f6r \u00f6rg\u00fctleri yok olmaktan kurtarmalar\u0131 ya da Suriye ve halk\u0131n\u0131 hedef alan d\u0131\u015f komplolar\u0131 hayata ge\u00e7irmede hi\u00e7bir faydas\u0131 olmayaca\u011f\u0131n\u0131n alt\u0131n\u0131 \u00e7izen yetkili kaynak, bunun ancak ve ancak b\u00f6lgede gerginli\u011fi t\u0131rmand\u0131r\u0131p uluslar aras\u0131 g\u00fcvenli\u011fi tehdit edece\u011fini belirtti.<\/p>\n","protected":false},"excerpt":{"rendered":"<p>\u0130srail ya da ba\u015fkas\u0131n\u0131n bu gibi sald\u0131r\u0131larla edatlar\u0131 ter\u00f6r \u00f6rg\u00fctleri yok olmaktan kurtarmalar\u0131 ya da Suriye ve halk\u0131n\u0131 hedef alan d\u0131\u015f komplolar\u0131 hayata ge\u00e7irmede hi\u00e7bir faydas\u0131 olmayaca\u011f\u0131n\u0131n alt\u0131n\u0131 \u00e7izen yetkili kaynak, bunun ancak ve ancak b\u00f6lgede gerginli\u011fi t\u0131rmand\u0131r\u0131p uluslar aras\u0131 g\u00fcvenli\u011fi tehdit edece\u011fini belirtti.<\/p>\n","protected":false},"author":1,"featured_media":0,"comment_status":"closed","ping_status":"closed","sticky":false,"template":"","format":"standard","meta":{"footnotes":""},"categories":[17991],"tags":[],"class_list":["post-148883","post","type-post","status-publish","format-standard","","category-son-dakika"],"_links":{"self":[{"href":"https:\/\/archive.sana.sy\/tr\/index.php?rest_route=\/wp\/v2\/posts\/148883","targetHints":{"allow":["GET"]}}],"collection":[{"href":"https:\/\/archive.sana.sy\/tr\/index.php?rest_route=\/wp\/v2\/posts"}],"about":[{"href":"https:\/\/archive.sana.sy\/tr\/index.php?rest_route=\/wp\/v2\/types\/post"}],"author":[{"embeddable":true,"href":"https:\/\/archive.sana.sy\/tr\/index.php?rest_route=\/wp\/v2\/users\/1"}],"replies":[{"embeddable":true,"href":"https:\/\/archive.sana.sy\/tr\/index.php?rest_route=%2Fwp%2Fv2%2Fcomments&post=148883"}],"version-history":[{"count":0,"href":"https:\/\/archive.sana.sy\/tr\/index.php?rest_route=\/wp\/v2\/posts\/148883\/revisions"}],"wp:attachment":[{"href":"https:\/\/archive.sana.sy\/tr\/index.php?rest_route=%2Fwp%2Fv2%2Fmedia&parent=148883"}],"wp:term":[{"taxonomy":"category","embeddable":true,"href":"https:\/\/archive.sana.sy\/tr\/index.php?rest_route=%2Fwp%2Fv2%2Fcategories&post=148883"},{"taxonomy":"post_tag","embeddable":true,"href":"https:\/\/archive.sana.sy\/tr\/index.php?rest_route=%2Fwp%2Fv2%2Ftags&post=148883"}],"curies":[{"name":"wp","href":"https:\/\/api.w.org\/{rel}","templated":true}]}}