{"id":148885,"date":"2018-05-10T16:00:36","date_gmt":"2018-05-10T13:00:36","guid":{"rendered":"https:\/\/www.sana.sy\/tr\/?p=148885"},"modified":"2018-05-11T12:29:40","modified_gmt":"2018-05-11T09:29:40","slug":"bu-gibi-saldirilar-gerginligi-tirmandirmadan-baska-bir-ise-yaramayacak","status":"publish","type":"post","link":"https:\/\/archive.sana.sy\/tr\/?p=148885","title":{"rendered":"Bu Gibi Sald\u0131r\u0131lar Gerginli\u011fi T\u0131rmand\u0131rmaktan Ba\u015fka Bir \u0130\u015fe Yaramayacak"},"content":{"rendered":"<p>\u015eAM \u2013 D\u0131\u015fi\u015fleri ve Gurbet\u00e7iler Bakanl\u0131\u011f\u0131nda yetkili bir kaynak \u0130srail&#8217;in Suriye ve halk\u0131na kar\u015f\u0131 sava\u015fta edat olarak kulland\u0131\u011f\u0131 ter\u00f6ristlere destek ve te\u015fvik ama\u00e7l\u0131 olarak bug\u00fcn farkl\u0131 b\u00f6lgelerde askeri mevkilere f\u00fczelerle sald\u0131rd\u0131klar\u0131n\u0131 belirtti.<\/p>\n<p>Yetkili kaynak SANA\u2019ya yapt\u0131\u011f\u0131 a\u00e7\u0131klamada; hava savunma g\u00fc\u00e7lerimizin \u0130srail f\u00fczelerine y\u00fcksek bir performans ve ba\u015far\u0131yla kar\u015f\u0131 koyup b\u00fcy\u00fck \u00e7o\u011funlu\u011funu imha ettiklerine dikkat \u00e7ekti.<\/p>\n<p>\u0130srail\u2019in Suriye&#8217;de radikal ter\u00f6re muhtelif t\u00fcr deste\u011fine i\u015faret eden yetkili kaynak; edatlar\u0131 ter\u00f6r \u00f6rg\u00fctlerin ordu birliklerimiz kar\u015f\u0131s\u0131nda a\u011f\u0131r hezimetleri ard\u0131ndan direk olarak m\u00fcdahale etti\u011fini kaydetti.<\/p>\n<p>Yetkili kaynak Suriye&#8217;nin ter\u00f6rle m\u00fccadelesinin yeni bir s\u00fcrece girdi\u011fine dikkat \u00e7ekerken, edat olarak kullan\u0131lan ter\u00f6ristleri hezimete u\u011fratmas\u0131 ard\u0131ndan Suriye&#8217;nin \u015fimdi de ter\u00f6ristlerin i\u015fverenleri as\u0131l g\u00fc\u00e7lere kar\u015f\u0131 sava\u015fmaya ba\u015flayaca\u011f\u0131n\u0131 ifade etti.<\/p>\n<p>\u0130srail ya da ba\u015fkas\u0131n\u0131n bu gibi sald\u0131r\u0131larla edatlar\u0131 ter\u00f6r \u00f6rg\u00fctleri yok olmaktan kurtarmalar\u0131 ya da Suriye ve halk\u0131n\u0131 hedef alan d\u0131\u015f komplolar\u0131 hayata ge\u00e7irmede hi\u00e7bir faydas\u0131 olmayaca\u011f\u0131n\u0131n alt\u0131n\u0131 \u00e7izen yetkili kaynak, bunun ancak ve ancak b\u00f6lgede gerginli\u011fi t\u0131rmand\u0131r\u0131p uluslar aras\u0131 g\u00fcvenli\u011fi tehdit edece\u011fini belirtti.<\/p>\n","protected":false},"excerpt":{"rendered":"<p>\u015eAM \u2013 D\u0131\u015fi\u015fleri ve Gurbet\u00e7iler Bakanl\u0131\u011f\u0131nda yetkili bir kaynak \u0130srail&#8217;in Suriye ve halk\u0131na kar\u015f\u0131 sava\u015fta edat olarak kulland\u0131\u011f\u0131 ter\u00f6ristlere destek ve te\u015fvik ama\u00e7l\u0131 olarak bug\u00fcn farkl\u0131 b\u00f6lgelerde askeri mevkilere f\u00fczelerle sald\u0131rd\u0131klar\u0131n\u0131 belirtti. Yetkili kaynak SANA\u2019ya yapt\u0131\u011f\u0131 a\u00e7\u0131klamada; hava savunma g\u00fc\u00e7lerimizin \u0130srail f\u00fczelerine y\u00fcksek bir performans ve ba\u015far\u0131yla kar\u015f\u0131 koyup b\u00fcy\u00fck \u00e7o\u011funlu\u011funu imha ettiklerine dikkat \u00e7ekti. &hellip;<\/p>\n","protected":false},"author":1,"featured_media":148887,"comment_status":"closed","ping_status":"closed","sticky":false,"template":"","format":"standard","meta":{"footnotes":""},"categories":[479,17988,478],"tags":[17274,36141,25920,16591,11549,19034,22181,19314],"class_list":["post-148885","post","type-post","status-publish","format-standard","has-post-thumbnail","","category-haberler-yerel","category-son-haberler","category-yerel","tag-fuze-saldirisi","tag-israile-saldiri","tag-ortadogu","tag-suriye","tag-suriye-ordusu","tag-suriyeli-muhalifler","tag-suriyeliler","tag-suriyeye-saldiri"],"_links":{"self":[{"href":"https:\/\/archive.sana.sy\/tr\/index.php?rest_route=\/wp\/v2\/posts\/148885","targetHints":{"allow":["GET"]}}],"collection":[{"href":"https:\/\/archive.sana.sy\/tr\/index.php?rest_route=\/wp\/v2\/posts"}],"about":[{"href":"https:\/\/archive.sana.sy\/tr\/index.php?rest_route=\/wp\/v2\/types\/post"}],"author":[{"embeddable":true,"href":"https:\/\/archive.sana.sy\/tr\/index.php?rest_route=\/wp\/v2\/users\/1"}],"replies":[{"embeddable":true,"href":"https:\/\/archive.sana.sy\/tr\/index.php?rest_route=%2Fwp%2Fv2%2Fcomments&post=148885"}],"version-history":[{"count":0,"href":"https:\/\/archive.sana.sy\/tr\/index.php?rest_route=\/wp\/v2\/posts\/148885\/revisions"}],"wp:featuredmedia":[{"embeddable":true,"href":"https:\/\/archive.sana.sy\/tr\/index.php?rest_route=\/wp\/v2\/media\/148887"}],"wp:attachment":[{"href":"https:\/\/archive.sana.sy\/tr\/index.php?rest_route=%2Fwp%2Fv2%2Fmedia&parent=148885"}],"wp:term":[{"taxonomy":"category","embeddable":true,"href":"https:\/\/archive.sana.sy\/tr\/index.php?rest_route=%2Fwp%2Fv2%2Fcategories&post=148885"},{"taxonomy":"post_tag","embeddable":true,"href":"https:\/\/archive.sana.sy\/tr\/index.php?rest_route=%2Fwp%2Fv2%2Ftags&post=148885"}],"curies":[{"name":"wp","href":"https:\/\/api.w.org\/{rel}","templated":true}]}}