{"id":14892,"date":"2014-11-07T23:18:31","date_gmt":"2014-11-07T21:18:31","guid":{"rendered":"http:\/\/www.sana.sy\/tr\/?p=14892"},"modified":"2014-11-08T13:13:57","modified_gmt":"2014-11-08T11:13:57","slug":"cokuluslu-tekfirci-ve-hain-teroristlere-karsi-operasyonlar-basariyla-suruyor","status":"publish","type":"post","link":"https:\/\/archive.sana.sy\/tr\/?p=14892","title":{"rendered":"\u00c7okuluslu Tekfirci ve Hain Ter\u00f6ristlere Kar\u015f\u0131 Operasyonlar Ba\u015far\u0131yla S\u00fcr\u00fcyor"},"content":{"rendered":"<p>\u0130LLER \u2013 Yurdun muhtelif b\u00f6lgelerinde \u00e7okuluslu tekfirci ve hain ter\u00f6r \u00e7etelere y\u00f6nelik operasyonlar\u0131n\u0131 ba\u015far\u0131yla s\u00fcrd\u00fcren ordu birliklerimiz bug\u00fcn de kimi taraflar\u0131n \u2018\u0131l\u0131man muhalifler\u2019 olarak adland\u0131r\u0131p destekledikleri bu \u00e7eteleri a\u011f\u0131r kay\u0131plara u\u011fratmaya devam etti.<\/p>\n<p><span style=\"color: #0000ff\">\u015eam K\u0131rsal\u0131nda Operasyonlar S\u00fcr\u00fcyor<\/span><\/p>\n<p>\u015eam k\u0131rsal\u0131n\u0131n muhtelif b\u00f6lgelerinde ter\u00f6r \u00e7etelerine y\u00f6nelik operasyonlar\u0131n\u0131 s\u00fcrd\u00fcren ordu birliklerimiz Cobar, Duma, Han el \u015eih, Dareyya, \u0130rbin, \u015eura ve Kalemun b\u00f6lgelerinde bir\u00e7ok ter\u00f6r yuvas\u0131n\u0131 muhtevalar\u0131yla imha etti.<\/p>\n<p>Askeri kaynak operasyonlarda \u00e7ok say\u0131da ter\u00f6ristin su\u00e7 edatlar\u0131 ve ara\u00e7lar\u0131yla birlikte etkisizle\u015ftirildi\u011fini aktard\u0131.<\/p>\n<p><span style=\"color: #0000ff\">\u0130dlib K\u0131rsal\u0131nda Aralar\u0131nda Yabanc\u0131lar\u0131n Bulundu\u011fu Onlarca Ter\u00f6rist \u00d6ld\u00fcr\u00fcld\u00fc<\/span><\/p>\n<p>Askeri kaynak ordu birliklerimizin \u0130dlib k\u0131rsal\u0131n\u0131n Heyla, Kefar Necd, Kefar \u015elaya, Kuvrin, Fiylon, Broma ve Keflon b\u00f6lgelerinde ter\u00f6ristlerin k\u00fcmelenme yerleri ve karargahlar\u0131n\u0131 muhtevalar\u0131yla hedef alarak aralar\u0131nda yabanc\u0131 ve az\u0131l\u0131 eleba\u015flar\u0131n bulundu\u011fu onlarca ter\u00f6risti \u00f6l\u00fc yaral\u0131 d\u00fc\u015f\u00fcrd\u00fcklerini aktard\u0131.<\/p>\n<p>Kaynak ordu birliklerimizin ayn\u0131 zamanda \u0130dlib Kenti civar\u0131 ve Cisr el \u015eu\u011fur k\u0131rsal\u0131nda yine \u00e7ok say\u0131da ter\u00f6risti ekipmanlar\u0131 ve ara\u00e7lar\u0131yla birlikte etkisiz hale getirdiklerini belirtti.<\/p>\n<p>Yine \u0130dlib k\u0131rsal\u0131 Han \u015eeyhun, Muarrat el Numan, Serakib ve Kensafra b\u00f6lgelerinde Nusra Cephesi mevkilerini i\u00e7indeki ter\u00f6ristlerle birlikte etkisizle\u015ftiren ordu birliklerimiz ter\u00f6rist ve cephane ta\u015f\u0131mada kullan\u0131lan onlarca arad\u0131 da imha etti.<\/p>\n<p><span style=\"color: #0000ff\">Halep ve K\u0131rsal\u0131nda Ara\u00e7 ve Karargahlar\u0131 \u0130mha Edildi<\/span><\/p>\n<p>Vatan koruyucular\u0131m\u0131z Halep ve k\u0131rsal\u0131nda Hanano, eski Halep, Bedro Da\u011f\u0131, Mansura, Hreytan ve Beni Zeyd b\u00f6lgelerinde y\u00fcksek say\u0131da ter\u00f6risti \u00f6l\u00fc yaral\u0131 d\u00fc\u015f\u00fcr\u00fcp ara\u00e7 ve cephanelerini de imha etti.<\/p>\n<p><span style=\"color: #0000ff\">Deyrezzor\u2019da I\u015e\u0130D Mevkileri Vuruldu<\/span><\/p>\n<p>Bu esnada ordu birliklerimiz Deyrezzor Kentinin Huveycat Sakr Semtinde I\u015e\u0130D tekfircileriyle s\u0131cak temasa girip bir\u00e7o\u011funu etkisiz olarak ele ge\u00e7irdi.<\/p>\n<p>\u00d6ld\u00fcr\u00fclen I\u015e\u0130D tekfircileri aras\u0131nda tan\u0131nm\u0131\u015f tehlikeli ter\u00f6ristlerin bulundu\u011funu belirten askeri bir kaynak; ordu birliklerimizin ayn\u0131 zamanda Huveyka Semtinde de I\u015e\u0130D mevkilerini vurduklar\u0131n\u0131 aktard\u0131.<\/p>\n<p><span style=\"color: #0000ff\">Kunaytra K\u0131rsal\u0131nda Sald\u0131r\u0131 Giri\u015fimleri A\u011f\u0131r Kay\u0131plarla Sonu\u00e7land\u0131<\/span><\/p>\n<p>Bu arada ordu birliklerimiz Kunaytra k\u0131rsal\u0131nda Meshara Tepesi civar\u0131nda tavuk \u00e7iftlikleri b\u00f6lgesinde Bilimsel Ara\u015ft\u0131rmalar y\u00f6n\u00fcnde s\u0131zmaya \u00e7al\u0131\u015fan ter\u00f6r \u00e7etelere kar\u015f\u0131 koyarak onlar\u0131 b\u00fcy\u00fck kay\u0131plarla geri p\u00fcsk\u00fcrtt\u00fc.<\/p>\n<p><span style=\"color: #0000ff\">Dera K\u0131rsal\u0131nda Cephane ve Ara\u00e7lar\u0131yla Etkisizle\u015ftirildiler<\/span><\/p>\n<p>\u00d6te yandan ordu birliklerimiz Dera k\u0131rsal\u0131n\u0131n Ebta, Tafas ve Etman b\u00f6lgelerinin yan\u0131 s\u0131ra Dera Beled\u2019de eski g\u00fcmr\u00fck m\u00fcd\u00fcrl\u00fc\u011f\u00fc civar\u0131nda onlarca ter\u00f6risti \u00f6l\u00fc yaral\u0131 d\u00fc\u015f\u00fcrerek cephane ve ara\u00e7lar\u0131n\u0131 da imha etti.<\/p>\n<p>Ordu birliklerimiz \u015eeyh Meskin B\u00f6lgesinin Me\u015ftel b\u00f6lgesine ilaveten Akraba \u00c7iftli\u011fi, Katem ve Cueyliye harabelerinde bir\u00e7ok ter\u00f6risti yine ara\u00e7 ve ekipmanlar\u0131yla birlikte etkisiz hale getirdi.<\/p>\n<p><span style=\"color: #0000ff\">Homs K\u0131rsal\u0131nda Ka\u00e7an Ter\u00f6ristleri Kovalama Operasyonlar\u0131 S\u00fcr\u00fcyor<\/span><\/p>\n<p>Ordu birliklerimiz Homs k\u0131rsal\u0131n\u0131n Sultaniye, Do\u011fu Selam ve civar\u0131, Duveyba ve Kehf Vadisinde \u00e7ok say\u0131da ter\u00f6risti \u00f6l\u00fc yaral\u0131 d\u00fc\u015f\u00fcr\u00fcrken; \u015eair Platformunun do\u011fusunda Cezel Vadisinde onlarca ara\u00e7lar\u0131n\u0131 imha ederek olduk\u00e7a y\u00fcksek say\u0131da ter\u00f6risti etkisiz hale getirdi.<\/p>\n<p><span style=\"color: #0000ff\">Hama K\u0131rsal\u0131nda En B\u00fcy\u00fck Karargahlar\u0131 \u0130mha Edildi<\/span><\/p>\n<p>Ordu birliklerimiz Hama k\u0131rsal\u0131n\u0131n Cena el Albavi B\u00f6lgesinde ter\u00f6r gruplar\u0131n\u0131n en \u00f6nemli ve en b\u00fcy\u00fck ter\u00f6r karargahlar\u0131n\u0131 muhtevalar\u0131yla imha ederken, aralar\u0131nda tehlikeli ter\u00f6r komutanlar\u0131n\u0131n bulundu\u011fu onlarca ter\u00f6risti \u00f6l\u00fc yaral\u0131 d\u00fc\u015f\u00fcrd\u00fc.<\/p>\n","protected":false},"excerpt":{"rendered":"<p>\u0130LLER \u2013 Yurdun muhtelif b\u00f6lgelerinde \u00e7okuluslu tekfirci ve hain ter\u00f6r \u00e7etelere y\u00f6nelik operasyonlar\u0131n\u0131 ba\u015far\u0131yla s\u00fcrd\u00fcren ordu birliklerimiz bug\u00fcn de kimi taraflar\u0131n \u2018\u0131l\u0131man muhalifler\u2019 olarak adland\u0131r\u0131p destekledikleri bu \u00e7eteleri a\u011f\u0131r kay\u0131plara u\u011fratmaya devam etti. \u015eam K\u0131rsal\u0131nda Operasyonlar S\u00fcr\u00fcyor \u015eam k\u0131rsal\u0131n\u0131n muhtelif b\u00f6lgelerinde ter\u00f6r \u00e7etelerine y\u00f6nelik operasyonlar\u0131n\u0131 s\u00fcrd\u00fcren ordu birliklerimiz Cobar, Duma, Han el \u015eih, Dareyya, \u0130rbin, &hellip;<\/p>\n","protected":false},"author":1,"featured_media":14893,"comment_status":"closed","ping_status":"closed","sticky":false,"template":"","format":"standard","meta":{"footnotes":""},"categories":[575],"tags":[5232,5249,5242,5233,5236,5253,5234,5254,3229,5241,5248,5235,5250,5237,5252,5239,4147,5240,3167,5243,5244,5238,5251],"class_list":["post-14892","post","type-post","status-publish","format-standard","has-post-thumbnail","","category-olaylar-ve-gercekler","tag-aralarinda-tehlikeli-teror-komutanlarinin-bulundugu-onlarca-teroristi-olu-yarali-dusurdu","tag-bedro-dagi","tag-broma-ve-keflon-bolgelerinde-teroristlerin-kumelenme-yerleri-ve-karargahlarini-muhtevalariyla-hedef-alarak-aralarinda-yabanci-ve-azili-elebaslarin-bulundugu-onlarca-teroristi-olu-yarali-dusurduklerini","tag-cokuluslu-tekfirci-ve-hain-teroristlere-karsi-operasyonlar-basariyla-suruyor-iller-yurdun-muhtelif-bolgelerinde-cokuluslu-tekfirci-ve-hain-teror-cetelere-yonelik-operasyonlarini-basariyla-su","tag-dareyya","tag-dogu-selam-ve-civari","tag-duma","tag-duveyba-ve-kehf-vadisinde-cok-sayida-teroristi-olu-yarali-dusururken-sair-platformunun-dogusunda-cezel-vadisinde-onlarca-araclarini-imha-ederek-oldukca-yuksek-sayida-teroristi-etkisiz-hale-getirdi","tag-eski-halep","tag-fiylon","tag-halep-ve-kirsalinda-arac-ve-karargahlari-imha-edildi-vatan-koruyucularimiz-halep-ve-kirsalinda-hanano","tag-han-el-sih","tag-hreytan-ve-beni-zeyd-bolgelerinde-yuksek-sayida-teroristi-olu-yarali-dusurup-arac-ve-cephanelerini-de-imha-etti-deyrezzorda-isid-mevkileri-vuruldu-bu-esnada-ordu-birliklerimiz-deyrezzor-kent","tag-irbin","tag-katem-ve-cueyliye-harabelerinde-bircok-teroristi-yine-arac-ve-ekipmanlariyla-birlikte-etkisiz-hale-getirdi-homs-kirsalinda-kacan-teroristleri-kovalama-operasyonlari-suruyor-ordu-birliklerimiz-homs-ki","tag-kefar-necd","tag-kefar-slaya","tag-kuvrin","tag-mansura","tag-muarrat-el-numan","tag-serakib-ve-kensafra-bolgelerinde-nusra-cephesi-mevkilerini-icindeki-teroristlerle-birlikte-etkisizlestiren-ordu-birliklerimiz-terorist-ve-cephane-tasimada-kullanilan-onlarca-aradi-da-imha-etti-hama-k","tag-sura-ve-kalemun-bolgelerinde-bircok-teror-yuvasini-muhtevalariyla-imha-etti-askeri-kaynak-operasyonlarda-cok-sayida-teroristin-suc-edatlari-ve-araclariyla-birlikte-etkisizlestirildigini-aktardi-idli","tag-tafas-ve-etman-bolgelerinin-yani-sira-dera-beledde-eski-gumruk-mudurlugu-civarinda-onlarca-teroristi-olu-yarali-dusurerek-cephane-ve-araclarini-da-imha-etti-ordu-birliklerimiz-seyh-meskin-bo"],"_links":{"self":[{"href":"https:\/\/archive.sana.sy\/tr\/index.php?rest_route=\/wp\/v2\/posts\/14892","targetHints":{"allow":["GET"]}}],"collection":[{"href":"https:\/\/archive.sana.sy\/tr\/index.php?rest_route=\/wp\/v2\/posts"}],"about":[{"href":"https:\/\/archive.sana.sy\/tr\/index.php?rest_route=\/wp\/v2\/types\/post"}],"author":[{"embeddable":true,"href":"https:\/\/archive.sana.sy\/tr\/index.php?rest_route=\/wp\/v2\/users\/1"}],"replies":[{"embeddable":true,"href":"https:\/\/archive.sana.sy\/tr\/index.php?rest_route=%2Fwp%2Fv2%2Fcomments&post=14892"}],"version-history":[{"count":0,"href":"https:\/\/archive.sana.sy\/tr\/index.php?rest_route=\/wp\/v2\/posts\/14892\/revisions"}],"wp:featuredmedia":[{"embeddable":true,"href":"https:\/\/archive.sana.sy\/tr\/index.php?rest_route=\/wp\/v2\/media\/14893"}],"wp:attachment":[{"href":"https:\/\/archive.sana.sy\/tr\/index.php?rest_route=%2Fwp%2Fv2%2Fmedia&parent=14892"}],"wp:term":[{"taxonomy":"category","embeddable":true,"href":"https:\/\/archive.sana.sy\/tr\/index.php?rest_route=%2Fwp%2Fv2%2Fcategories&post=14892"},{"taxonomy":"post_tag","embeddable":true,"href":"https:\/\/archive.sana.sy\/tr\/index.php?rest_route=%2Fwp%2Fv2%2Ftags&post=14892"}],"curies":[{"name":"wp","href":"https:\/\/api.w.org\/{rel}","templated":true}]}}