{"id":149140,"date":"2018-05-12T16:01:05","date_gmt":"2018-05-12T13:01:05","guid":{"rendered":"https:\/\/www.sana.sy\/tr\/?p=149140"},"modified":"2018-05-13T14:32:56","modified_gmt":"2018-05-13T11:32:56","slug":"siddet-goren-kadinlarin-sorunlariyla-ilgilenecek-kadrolar-egitiliyor","status":"publish","type":"post","link":"https:\/\/archive.sana.sy\/tr\/?p=149140","title":{"rendered":"\u015eiddet G\u00f6ren Kad\u0131nlar\u0131n Sorunlar\u0131yla \u0130lgilenecek Kadrolar E\u011fitiliyor"},"content":{"rendered":"<p>\u015eAM \u2013 \u00c7al\u0131\u015fma ve Sosyal \u0130\u015fler Bakanl\u0131\u011f\u0131 farkl\u0131 illerde ve b\u00f6lgelerde bulunan merkezlerinde \u00f6zellikle \u015fiddet g\u00f6ren kad\u0131nlar olmak \u00fczere kad\u0131nlara t\u0131bbi, ekonomik, psikolojik ve kanuni destek temin edecek uzman kadrolar\u0131n e\u011fitilmesi i\u00e7in \u00e7al\u0131\u015fmalar ba\u015flatt\u0131.<\/p>\n<p>Bakanl\u0131k bu ba\u011flamda bug\u00fcn ba\u015fkent \u015eam\u2019\u0131n Mezze Semtindeki Teknoloji Park\u0131nda BM N\u00fcfus Kalk\u0131nd\u0131rma Fonu ile i\u015fbirli\u011fi i\u00e7inde 30 kad\u0131n uzman i\u00e7in bir faaliyet d\u00fczenledi. Fakl\u0131 uzmanl\u0131klardan deneyimli \u015fahsiyetlerin kat\u0131ld\u0131klar\u0131 faaliyette kad\u0131na kar\u015f\u0131 \u015fiddetle m\u00fccadele ve bu gibi durumlarda al\u0131nmas\u0131 gereken icraatlar \u00fczerinde odaklan\u0131ld\u0131.<\/p>\n<p>Kad\u0131n\u0131n g\u00fc\u00e7lendirilmesi, farkl\u0131 t\u00fcr \u015fiddetten korunmas\u0131 ve toplum i\u00e7indeki yerini peki\u015ftirmesi ama\u00e7l\u0131 ad\u0131mlara \u0131\u015f\u0131k tutulan faaliyette Suriye&#8217;de kad\u0131n\u0131n b\u00f6lge \u00fclkeleri aras\u0131nda \u00f6nc\u00fc bir konuma sahip oldu\u011funa dikkat \u00e7ekildi.<\/p>\n<p>\u00c7al\u0131\u015fma ve Sosyal \u0130\u015fler Bakanl\u0131\u011f\u0131nda Uluslararas\u0131 Planlama ve \u0130\u015fbirli\u011fi Departman\u0131 M\u00fcd\u00fcr\u00fc Mahmut Kevva; bakanl\u0131\u011f\u0131n farkl\u0131 illerde ve b\u00f6lgelerde bulunan t\u00fcm merkezlerinde bu ama\u00e7larla uzman hizmetler verecek kadrolar\u0131 olaca\u011f\u0131n\u0131 a\u00e7\u0131klad\u0131. Kevva bu merkezler ve uzman kadronun kad\u0131nlara farkl\u0131 alanlarda \u00fccretsiz olarak hizmet sunacaklar\u0131n\u0131n alt\u0131n\u0131 \u00e7izdi.<\/p>\n<p>&nbsp;<\/p>\n","protected":false},"excerpt":{"rendered":"<p>\u015eAM \u2013 \u00c7al\u0131\u015fma ve Sosyal \u0130\u015fler Bakanl\u0131\u011f\u0131 farkl\u0131 illerde ve b\u00f6lgelerde bulunan merkezlerinde \u00f6zellikle \u015fiddet g\u00f6ren kad\u0131nlar olmak \u00fczere kad\u0131nlara t\u0131bbi, ekonomik, psikolojik ve kanuni destek temin edecek uzman kadrolar\u0131n e\u011fitilmesi i\u00e7in \u00e7al\u0131\u015fmalar ba\u015flatt\u0131. Bakanl\u0131k bu ba\u011flamda bug\u00fcn ba\u015fkent \u015eam\u2019\u0131n Mezze Semtindeki Teknoloji Park\u0131nda BM N\u00fcfus Kalk\u0131nd\u0131rma Fonu ile i\u015fbirli\u011fi i\u00e7inde 30 kad\u0131n uzman i\u00e7in &hellip;<\/p>\n","protected":false},"author":1,"featured_media":149156,"comment_status":"closed","ping_status":"closed","sticky":false,"template":"","format":"standard","meta":{"footnotes":""},"categories":[526,479,17988,525,478],"tags":[36169,24755,8881,36168,16591],"class_list":["post-149140","post","type-post","status-publish","format-standard","has-post-thumbnail","","category-haber-ve-raporlar","category-haberler-yerel","category-son-haberler","category-toplum","category-yerel","tag-bm-nufus-kalkindirma-fonu","tag-calisma-ve-sosyal-isler-bakanligi","tag-ekonomik","tag-psikolojik","tag-suriye"],"_links":{"self":[{"href":"https:\/\/archive.sana.sy\/tr\/index.php?rest_route=\/wp\/v2\/posts\/149140","targetHints":{"allow":["GET"]}}],"collection":[{"href":"https:\/\/archive.sana.sy\/tr\/index.php?rest_route=\/wp\/v2\/posts"}],"about":[{"href":"https:\/\/archive.sana.sy\/tr\/index.php?rest_route=\/wp\/v2\/types\/post"}],"author":[{"embeddable":true,"href":"https:\/\/archive.sana.sy\/tr\/index.php?rest_route=\/wp\/v2\/users\/1"}],"replies":[{"embeddable":true,"href":"https:\/\/archive.sana.sy\/tr\/index.php?rest_route=%2Fwp%2Fv2%2Fcomments&post=149140"}],"version-history":[{"count":0,"href":"https:\/\/archive.sana.sy\/tr\/index.php?rest_route=\/wp\/v2\/posts\/149140\/revisions"}],"wp:featuredmedia":[{"embeddable":true,"href":"https:\/\/archive.sana.sy\/tr\/index.php?rest_route=\/wp\/v2\/media\/149156"}],"wp:attachment":[{"href":"https:\/\/archive.sana.sy\/tr\/index.php?rest_route=%2Fwp%2Fv2%2Fmedia&parent=149140"}],"wp:term":[{"taxonomy":"category","embeddable":true,"href":"https:\/\/archive.sana.sy\/tr\/index.php?rest_route=%2Fwp%2Fv2%2Fcategories&post=149140"},{"taxonomy":"post_tag","embeddable":true,"href":"https:\/\/archive.sana.sy\/tr\/index.php?rest_route=%2Fwp%2Fv2%2Ftags&post=149140"}],"curies":[{"name":"wp","href":"https:\/\/api.w.org\/{rel}","templated":true}]}}