{"id":149181,"date":"2018-05-13T14:58:26","date_gmt":"2018-05-13T11:58:26","guid":{"rendered":"https:\/\/www.sana.sy\/tr\/?p=149181"},"modified":"2018-05-14T14:38:09","modified_gmt":"2018-05-14T11:38:09","slug":"eylemciler-bolge-ulkelerini-net-bir-tutuma-davet-ettiler","status":"publish","type":"post","link":"https:\/\/archive.sana.sy\/tr\/?p=149181","title":{"rendered":"Eylemciler B\u00f6lge \u00dclkelerini Net Bir Tutuma Davet Ettiler"},"content":{"rendered":"<p>\u015eAM \u2013 Suriye&#8217;de Uluslararas\u0131 Kud\u00fcs Kurumu ve Filistinli direni\u015f gruplar\u0131 bug\u00fcn ba\u015fkent \u015eam\u2019daki Birle\u015fmi\u015f Milletler Binas\u0131 \u00f6n\u00fcnde ABD ba\u015fkan\u0131 Donald Trump\u2019un ABD b\u00fcy\u00fckel\u00e7ili\u011fini i\u015fgal alt\u0131ndaki Kud\u00fcs\u2019e ta\u015f\u0131ma kararl\u0131n\u0131 protesto eden bir eylem d\u00fczenledi.<\/p>\n<p>Eylemciler ABD ba\u015fkan\u0131n\u0131n bu kararl\u0131n\u0131n Filistin halk\u0131n\u0131n me\u015fru haklar\u0131 ve uluslar aras\u0131 kararlara a\u00e7\u0131k bir ihlal te\u015fkil edi\u011fine vurgulad\u0131. BM\u2019den ABD idaresinin bu karar\u0131na kar\u015f\u0131 cayd\u0131r\u0131c\u0131 etkin icraatlar almas\u0131n\u0131 talep eden eylemciler, bu karar\u0131 tan\u0131mama \u00e7a\u011fr\u0131s\u0131nda bulundular.<\/p>\n<p>Eylemciler Kud\u00fcs\u2019\u00fcn her daim Filistin\u2019in ba\u015fkenti olarak kalaca\u011f\u0131n\u0131 vurgulayan sloganlar atarken, b\u00f6lge \u00fclkelerini b\u00f6lge ve halklar\u0131n\u0131 hedef alan ABD \u2013 \u0130srail planlar\u0131na kar\u015f\u0131 tutum almalar\u0131na davet ettiler.<\/p>\n<div id='gallery-1' class='gallery galleryid-149181 gallery-columns-1 gallery-size-large'><figure class='gallery-item'>\n\t\t\t<div class='gallery-icon landscape'>\n\t\t\t\t<a href='https:\/\/archive.sana.sy\/tr\/wp-content\/uploads\/2018\/05\/\u015eam.jpg'><img loading=\"lazy\" decoding=\"async\" width=\"618\" height=\"411\" src=\"https:\/\/archive.sana.sy\/tr\/wp-content\/uploads\/2018\/05\/\u015eam-1024x681.jpg\" class=\"attachment-large size-large\" alt=\"\" srcset=\"https:\/\/archive.sana.sy\/tr\/wp-content\/uploads\/2018\/05\/\u015eam-1024x681.jpg 1024w, https:\/\/archive.sana.sy\/tr\/wp-content\/uploads\/2018\/05\/\u015eam-150x100.jpg 150w, https:\/\/archive.sana.sy\/tr\/wp-content\/uploads\/2018\/05\/\u015eam-300x200.jpg 300w, https:\/\/archive.sana.sy\/tr\/wp-content\/uploads\/2018\/05\/\u015eam-768x511.jpg 768w, https:\/\/archive.sana.sy\/tr\/wp-content\/uploads\/2018\/05\/\u015eam-310x205.jpg 310w\" sizes=\"auto, (max-width: 618px) 100vw, 618px\" \/><\/a>\n\t\t\t<\/div><\/figure><figure class='gallery-item'>\n\t\t\t<div class='gallery-icon landscape'>\n\t\t\t\t<a href='https:\/\/archive.sana.sy\/tr\/wp-content\/uploads\/2018\/05\/\u015eam.JPG-1.jpg'><img loading=\"lazy\" decoding=\"async\" width=\"618\" height=\"411\" src=\"https:\/\/archive.sana.sy\/tr\/wp-content\/uploads\/2018\/05\/\u015eam.JPG-1-1024x681.jpg\" class=\"attachment-large size-large\" alt=\"\" srcset=\"https:\/\/archive.sana.sy\/tr\/wp-content\/uploads\/2018\/05\/\u015eam.JPG-1-1024x681.jpg 1024w, https:\/\/archive.sana.sy\/tr\/wp-content\/uploads\/2018\/05\/\u015eam.JPG-1-150x100.jpg 150w, https:\/\/archive.sana.sy\/tr\/wp-content\/uploads\/2018\/05\/\u015eam.JPG-1-300x200.jpg 300w, https:\/\/archive.sana.sy\/tr\/wp-content\/uploads\/2018\/05\/\u015eam.JPG-1-768x511.jpg 768w, https:\/\/archive.sana.sy\/tr\/wp-content\/uploads\/2018\/05\/\u015eam.JPG-1-310x205.jpg 310w\" sizes=\"auto, (max-width: 618px) 100vw, 618px\" \/><\/a>\n\t\t\t<\/div><\/figure><figure class='gallery-item'>\n\t\t\t<div class='gallery-icon landscape'>\n\t\t\t\t<a href='https:\/\/archive.sana.sy\/tr\/wp-content\/uploads\/2018\/05\/\u015eam.JPG-2.jpg'><img loading=\"lazy\" decoding=\"async\" width=\"618\" height=\"412\" src=\"https:\/\/archive.sana.sy\/tr\/wp-content\/uploads\/2018\/05\/\u015eam.JPG-2-1024x682.jpg\" class=\"attachment-large size-large\" alt=\"\" srcset=\"https:\/\/archive.sana.sy\/tr\/wp-content\/uploads\/2018\/05\/\u015eam.JPG-2-1024x682.jpg 1024w, https:\/\/archive.sana.sy\/tr\/wp-content\/uploads\/2018\/05\/\u015eam.JPG-2-150x100.jpg 150w, https:\/\/archive.sana.sy\/tr\/wp-content\/uploads\/2018\/05\/\u015eam.JPG-2-300x200.jpg 300w, https:\/\/archive.sana.sy\/tr\/wp-content\/uploads\/2018\/05\/\u015eam.JPG-2-768x511.jpg 768w\" sizes=\"auto, (max-width: 618px) 100vw, 618px\" \/><\/a>\n\t\t\t<\/div><\/figure><figure class='gallery-item'>\n\t\t\t<div class='gallery-icon landscape'>\n\t\t\t\t<a href='https:\/\/archive.sana.sy\/tr\/wp-content\/uploads\/2018\/05\/\u015eam.JPG-3.jpg'><img loading=\"lazy\" decoding=\"async\" width=\"618\" height=\"411\" src=\"https:\/\/archive.sana.sy\/tr\/wp-content\/uploads\/2018\/05\/\u015eam.JPG-3-1024x681.jpg\" class=\"attachment-large size-large\" alt=\"\" srcset=\"https:\/\/archive.sana.sy\/tr\/wp-content\/uploads\/2018\/05\/\u015eam.JPG-3-1024x681.jpg 1024w, https:\/\/archive.sana.sy\/tr\/wp-content\/uploads\/2018\/05\/\u015eam.JPG-3-150x100.jpg 150w, https:\/\/archive.sana.sy\/tr\/wp-content\/uploads\/2018\/05\/\u015eam.JPG-3-300x200.jpg 300w, https:\/\/archive.sana.sy\/tr\/wp-content\/uploads\/2018\/05\/\u015eam.JPG-3-768x511.jpg 768w, https:\/\/archive.sana.sy\/tr\/wp-content\/uploads\/2018\/05\/\u015eam.JPG-3-310x205.jpg 310w\" sizes=\"auto, (max-width: 618px) 100vw, 618px\" \/><\/a>\n\t\t\t<\/div><\/figure><figure class='gallery-item'>\n\t\t\t<div class='gallery-icon landscape'>\n\t\t\t\t<a href='https:\/\/archive.sana.sy\/tr\/wp-content\/uploads\/2018\/05\/\u015eam.JPG-4.jpg'><img loading=\"lazy\" decoding=\"async\" width=\"618\" height=\"411\" src=\"https:\/\/archive.sana.sy\/tr\/wp-content\/uploads\/2018\/05\/\u015eam.JPG-4-1024x681.jpg\" class=\"attachment-large size-large\" alt=\"\" srcset=\"https:\/\/archive.sana.sy\/tr\/wp-content\/uploads\/2018\/05\/\u015eam.JPG-4-1024x681.jpg 1024w, https:\/\/archive.sana.sy\/tr\/wp-content\/uploads\/2018\/05\/\u015eam.JPG-4-150x100.jpg 150w, https:\/\/archive.sana.sy\/tr\/wp-content\/uploads\/2018\/05\/\u015eam.JPG-4-300x200.jpg 300w, https:\/\/archive.sana.sy\/tr\/wp-content\/uploads\/2018\/05\/\u015eam.JPG-4-768x511.jpg 768w, https:\/\/archive.sana.sy\/tr\/wp-content\/uploads\/2018\/05\/\u015eam.JPG-4-310x205.jpg 310w\" sizes=\"auto, (max-width: 618px) 100vw, 618px\" \/><\/a>\n\t\t\t<\/div><\/figure><figure class='gallery-item'>\n\t\t\t<div class='gallery-icon landscape'>\n\t\t\t\t<a href='https:\/\/archive.sana.sy\/tr\/wp-content\/uploads\/2018\/05\/\u015eam.JPG-5.jpg'><img loading=\"lazy\" decoding=\"async\" width=\"618\" height=\"411\" src=\"https:\/\/archive.sana.sy\/tr\/wp-content\/uploads\/2018\/05\/\u015eam.JPG-5-1024x681.jpg\" class=\"attachment-large size-large\" alt=\"\" srcset=\"https:\/\/archive.sana.sy\/tr\/wp-content\/uploads\/2018\/05\/\u015eam.JPG-5-1024x681.jpg 1024w, https:\/\/archive.sana.sy\/tr\/wp-content\/uploads\/2018\/05\/\u015eam.JPG-5-150x100.jpg 150w, https:\/\/archive.sana.sy\/tr\/wp-content\/uploads\/2018\/05\/\u015eam.JPG-5-300x200.jpg 300w, https:\/\/archive.sana.sy\/tr\/wp-content\/uploads\/2018\/05\/\u015eam.JPG-5-768x511.jpg 768w, https:\/\/archive.sana.sy\/tr\/wp-content\/uploads\/2018\/05\/\u015eam.JPG-5-310x205.jpg 310w\" sizes=\"auto, (max-width: 618px) 100vw, 618px\" \/><\/a>\n\t\t\t<\/div><\/figure>\n\t\t<\/div>\n\n","protected":false},"excerpt":{"rendered":"<p>\u015eAM \u2013 Suriye&#8217;de Uluslararas\u0131 Kud\u00fcs Kurumu ve Filistinli direni\u015f gruplar\u0131 bug\u00fcn ba\u015fkent \u015eam\u2019daki Birle\u015fmi\u015f Milletler Binas\u0131 \u00f6n\u00fcnde ABD ba\u015fkan\u0131 Donald Trump\u2019un ABD b\u00fcy\u00fckel\u00e7ili\u011fini i\u015fgal alt\u0131ndaki Kud\u00fcs\u2019e ta\u015f\u0131ma kararl\u0131n\u0131 protesto eden bir eylem d\u00fczenledi. Eylemciler ABD ba\u015fkan\u0131n\u0131n bu kararl\u0131n\u0131n Filistin halk\u0131n\u0131n me\u015fru haklar\u0131 ve uluslar aras\u0131 kararlara a\u00e7\u0131k bir ihlal te\u015fkil edi\u011fine vurgulad\u0131. BM\u2019den ABD idaresinin &hellip;<\/p>\n","protected":false},"author":1,"featured_media":149190,"comment_status":"closed","ping_status":"closed","sticky":false,"template":"","format":"standard","meta":{"footnotes":""},"categories":[596,479,17988,478],"tags":[28453,36175,36174,19068,2755,16591,29203],"class_list":["post-149181","post","type-post","status-publish","format-standard","has-post-thumbnail","","category-fotografli-raporlar","category-haberler-yerel","category-son-haberler","category-yerel","tag-abd-baskani-donald-trump","tag-birlesmis-milletler-binasi-onunde","tag-filistinli-direnis-gruplari","tag-protesto","tag-sam","tag-suriye","tag-uluslararasi-kudus-kurumu"],"_links":{"self":[{"href":"https:\/\/archive.sana.sy\/tr\/index.php?rest_route=\/wp\/v2\/posts\/149181","targetHints":{"allow":["GET"]}}],"collection":[{"href":"https:\/\/archive.sana.sy\/tr\/index.php?rest_route=\/wp\/v2\/posts"}],"about":[{"href":"https:\/\/archive.sana.sy\/tr\/index.php?rest_route=\/wp\/v2\/types\/post"}],"author":[{"embeddable":true,"href":"https:\/\/archive.sana.sy\/tr\/index.php?rest_route=\/wp\/v2\/users\/1"}],"replies":[{"embeddable":true,"href":"https:\/\/archive.sana.sy\/tr\/index.php?rest_route=%2Fwp%2Fv2%2Fcomments&post=149181"}],"version-history":[{"count":0,"href":"https:\/\/archive.sana.sy\/tr\/index.php?rest_route=\/wp\/v2\/posts\/149181\/revisions"}],"wp:featuredmedia":[{"embeddable":true,"href":"https:\/\/archive.sana.sy\/tr\/index.php?rest_route=\/wp\/v2\/media\/149190"}],"wp:attachment":[{"href":"https:\/\/archive.sana.sy\/tr\/index.php?rest_route=%2Fwp%2Fv2%2Fmedia&parent=149181"}],"wp:term":[{"taxonomy":"category","embeddable":true,"href":"https:\/\/archive.sana.sy\/tr\/index.php?rest_route=%2Fwp%2Fv2%2Fcategories&post=149181"},{"taxonomy":"post_tag","embeddable":true,"href":"https:\/\/archive.sana.sy\/tr\/index.php?rest_route=%2Fwp%2Fv2%2Ftags&post=149181"}],"curies":[{"name":"wp","href":"https:\/\/api.w.org\/{rel}","templated":true}]}}