{"id":149236,"date":"2018-05-13T15:00:25","date_gmt":"2018-05-13T12:00:25","guid":{"rendered":"https:\/\/www.sana.sy\/tr\/?p=149236"},"modified":"2018-05-14T13:16:36","modified_gmt":"2018-05-14T10:16:36","slug":"yuksek-anayasa-mahkemesi-baskan-ve-uyeleri-anayasa-andi-ictiler","status":"publish","type":"post","link":"https:\/\/archive.sana.sy\/tr\/?p=149236","title":{"rendered":"Y\u00fcksek Anayasa Mahkemesi Ba\u015fkan ve \u00dcyeleri Anayasa And\u0131 \u0130\u00e7tiler"},"content":{"rendered":"<p>\u015eAM \u2013 Y\u00fcksek Anayasa Mahkemesi ba\u015fkan ve \u00fcyeleri bug\u00fcn Halk Meclisi Ba\u015fkan\u0131 Hammuda Sabba\u011f\u2019\u0131n huzurunda Cumhurba\u015fkan\u0131 Be\u015f\u015far el Esad\u2019\u0131n huzurunda anayasal and\u0131 i\u00e7tiler.<\/p>\n<p><a href=\"https:\/\/www.sana.sy\/tr\/wp-content\/uploads\/2018\/05\/0-9.jpg\"><img loading=\"lazy\" decoding=\"async\" class=\"alignright wp-image-149239 size-medium\" src=\"https:\/\/www.sana.sy\/tr\/wp-content\/uploads\/2018\/05\/0-9-300x174.jpg\" alt=\"\" width=\"300\" height=\"174\" srcset=\"https:\/\/archive.sana.sy\/tr\/wp-content\/uploads\/2018\/05\/0-9-300x174.jpg 300w, https:\/\/archive.sana.sy\/tr\/wp-content\/uploads\/2018\/05\/0-9-150x87.jpg 150w, https:\/\/archive.sana.sy\/tr\/wp-content\/uploads\/2018\/05\/0-9-768x446.jpg 768w, https:\/\/archive.sana.sy\/tr\/wp-content\/uploads\/2018\/05\/0-9-1024x595.jpg 1024w, https:\/\/archive.sana.sy\/tr\/wp-content\/uploads\/2018\/05\/0-9.jpg 1280w\" sizes=\"auto, (max-width: 300px) 100vw, 300px\" \/><\/a>Ard\u0131ndan Cumhurba\u015fkan\u0131 el Esad Y\u00fcksek Anayasa Mahkemesi Ba\u015fkan ve \u00fcyeleri ile bir araya gelerek g\u00f6revlerinde ba\u015far\u0131 temennilerinde bulundu. El Esad anayasa ideolojisi ve kanunlar ve kararlar\u0131n anayasa ile uyumlulu\u011funu denetlemede y\u00fcksek anayasa mahkemesinin rol\u00fcne dikkat \u00e7ekti.<\/p>\n<p>Y\u00fcksek anayasa mahkemesi ile aralar\u0131nda parlamento olmak \u00fczere devlet kurumlar\u0131 aras\u0131ndaki ba\u011flant\u0131n\u0131n \u00f6nemine dikkat \u00e7eken el Esad; aralar\u0131ndaki koordinasyon ve i\u015fbirli\u011fi ile uygun bir kanun ve y\u00fcr\u00fcrl\u00fck kararlar\u0131n\u0131n geli\u015ftirilebilece\u011fini belirtti.<\/p>\n<p>Y\u00fcksek Anayasa Mahkemesi ba\u015fkan ve \u00fcyeleri g\u00f6revlerini en iyi \u015fekilde ifa etme, kanunlar\u0131 geli\u015ftirme ve kanun \u00fcst\u00fcnl\u00fc\u011f\u00fcn\u00fc peki\u015ftirme ama\u00e7l\u0131 ellerinden gelen her gayreti g\u00f6stereceklerini vurgulad\u0131.<\/p>\n<div id='gallery-1' class='gallery galleryid-149236 gallery-columns-1 gallery-size-full'><figure class='gallery-item'>\n\t\t\t<div class='gallery-icon landscape'>\n\t\t\t\t<a href='https:\/\/archive.sana.sy\/tr\/wp-content\/uploads\/2018\/05\/2-86.jpg'><img loading=\"lazy\" decoding=\"async\" width=\"660\" height=\"485\" src=\"https:\/\/archive.sana.sy\/tr\/wp-content\/uploads\/2018\/05\/2-86.jpg\" class=\"attachment-full size-full\" alt=\"\" srcset=\"https:\/\/archive.sana.sy\/tr\/wp-content\/uploads\/2018\/05\/2-86.jpg 660w, https:\/\/archive.sana.sy\/tr\/wp-content\/uploads\/2018\/05\/2-86-150x110.jpg 150w, https:\/\/archive.sana.sy\/tr\/wp-content\/uploads\/2018\/05\/2-86-300x220.jpg 300w\" sizes=\"auto, (max-width: 660px) 100vw, 660px\" \/><\/a>\n\t\t\t<\/div><\/figure><figure class='gallery-item'>\n\t\t\t<div class='gallery-icon landscape'>\n\t\t\t\t<a href='https:\/\/archive.sana.sy\/tr\/wp-content\/uploads\/2018\/05\/3-59.jpg'><img loading=\"lazy\" decoding=\"async\" width=\"660\" height=\"471\" src=\"https:\/\/archive.sana.sy\/tr\/wp-content\/uploads\/2018\/05\/3-59.jpg\" class=\"attachment-full size-full\" alt=\"\" srcset=\"https:\/\/archive.sana.sy\/tr\/wp-content\/uploads\/2018\/05\/3-59.jpg 660w, https:\/\/archive.sana.sy\/tr\/wp-content\/uploads\/2018\/05\/3-59-150x107.jpg 150w, https:\/\/archive.sana.sy\/tr\/wp-content\/uploads\/2018\/05\/3-59-300x214.jpg 300w\" sizes=\"auto, (max-width: 660px) 100vw, 660px\" \/><\/a>\n\t\t\t<\/div><\/figure>\n\t\t<\/div>\n\n","protected":false},"excerpt":{"rendered":"<p>\u015eAM \u2013 Y\u00fcksek Anayasa Mahkemesi ba\u015fkan ve \u00fcyeleri bug\u00fcn Halk Meclisi Ba\u015fkan\u0131 Hammuda Sabba\u011f\u2019\u0131n huzurunda Cumhurba\u015fkan\u0131 Be\u015f\u015far el Esad\u2019\u0131n huzurunda anayasal and\u0131 i\u00e7tiler. Ard\u0131ndan Cumhurba\u015fkan\u0131 el Esad Y\u00fcksek Anayasa Mahkemesi Ba\u015fkan ve \u00fcyeleri ile bir araya gelerek g\u00f6revlerinde ba\u015far\u0131 temennilerinde bulundu. El Esad anayasa ideolojisi ve kanunlar ve kararlar\u0131n anayasa ile uyumlulu\u011funu denetlemede y\u00fcksek anayasa &hellip;<\/p>\n","protected":false},"author":1,"featured_media":149238,"comment_status":"closed","ping_status":"closed","sticky":false,"template":"","format":"standard","meta":{"footnotes":""},"categories":[608,596,479,605,17988,478],"tags":[19968,20113,16838,25938,16591,24122,24119,22181,20779],"class_list":["post-149236","post","type-post","status-publish","format-standard","has-post-thumbnail","","category-etkinlikler","category-fotografli-raporlar","category-haberler-yerel","category-sayin-cumhurbaskani","category-son-haberler","category-yerel","tag-bessar-esad","tag-esad","tag-halk-meclisi","tag-parlamento","tag-suriye","tag-suriye-cumhurbaskani","tag-suriye-lideri","tag-suriyeliler","tag-yuksek-anayasa-mahkemesi"],"_links":{"self":[{"href":"https:\/\/archive.sana.sy\/tr\/index.php?rest_route=\/wp\/v2\/posts\/149236","targetHints":{"allow":["GET"]}}],"collection":[{"href":"https:\/\/archive.sana.sy\/tr\/index.php?rest_route=\/wp\/v2\/posts"}],"about":[{"href":"https:\/\/archive.sana.sy\/tr\/index.php?rest_route=\/wp\/v2\/types\/post"}],"author":[{"embeddable":true,"href":"https:\/\/archive.sana.sy\/tr\/index.php?rest_route=\/wp\/v2\/users\/1"}],"replies":[{"embeddable":true,"href":"https:\/\/archive.sana.sy\/tr\/index.php?rest_route=%2Fwp%2Fv2%2Fcomments&post=149236"}],"version-history":[{"count":0,"href":"https:\/\/archive.sana.sy\/tr\/index.php?rest_route=\/wp\/v2\/posts\/149236\/revisions"}],"wp:featuredmedia":[{"embeddable":true,"href":"https:\/\/archive.sana.sy\/tr\/index.php?rest_route=\/wp\/v2\/media\/149238"}],"wp:attachment":[{"href":"https:\/\/archive.sana.sy\/tr\/index.php?rest_route=%2Fwp%2Fv2%2Fmedia&parent=149236"}],"wp:term":[{"taxonomy":"category","embeddable":true,"href":"https:\/\/archive.sana.sy\/tr\/index.php?rest_route=%2Fwp%2Fv2%2Fcategories&post=149236"},{"taxonomy":"post_tag","embeddable":true,"href":"https:\/\/archive.sana.sy\/tr\/index.php?rest_route=%2Fwp%2Fv2%2Ftags&post=149236"}],"curies":[{"name":"wp","href":"https:\/\/api.w.org\/{rel}","templated":true}]}}