{"id":14929,"date":"2014-11-09T08:30:48","date_gmt":"2014-11-09T06:30:48","guid":{"rendered":"http:\/\/www.sana.sy\/tr\/?p=14929"},"modified":"2014-11-09T15:47:10","modified_gmt":"2014-11-09T13:47:10","slug":"kunaytrada-150-m-tunel-imha-edildi-dera-ve-idlib-kirsallarinda-agir-kayiplara-ugratildilar","status":"publish","type":"post","link":"https:\/\/archive.sana.sy\/tr\/?p=14929","title":{"rendered":"Vatan Koruyucular\u0131m\u0131z Vatan ve Vatanda\u015flar\u0131 Azimle S\u00fcrd\u00fcr\u00fcyor"},"content":{"rendered":"<p>\u0130LLER \u2013 Kahraman ordu birliklerimizin hain ve gaddar ter\u00f6ristlere y\u00f6nelik ba\u015far\u0131l\u0131 operasyonlar\u0131n\u0131 s\u00fcrd\u00fcrd\u00fc\u011f\u00fc bir zamanda ter\u00f6ristlerin say\u0131 ve te\u00e7hizat bak\u0131m\u0131ndan a\u011f\u0131r kay\u0131plar\u0131 da devam ediyor.<\/p>\n<p><span style=\"color: #0000ff\">Kunaytra K\u0131rsal\u0131nda 150 M Uzunlu\u011funda Bir T\u00fcnel \u0130mha Edildi<\/span><\/p>\n<p>Askeri kaynak, ordu birliklerimizin Kunaytra k\u0131rsal\u0131nda Tel Kurum Cebba ve Um Bat\u0131na\u2019y\u0131 birbirine ba\u011flayan barikat, keskin ni\u015fanc\u0131lar i\u00e7in at\u0131\u015f ve n\u00f6bet noktalar\u0131yla haz\u0131rlanm\u0131\u015f 150 metre uzunlu\u011funda bir t\u00fcneli imha ettiklerini s\u00f6yledi.<\/p>\n<p>Kaynak, ordu birliklerimizin Hamidiye ve \u00e7evresi ile Tel Mashara\u2019n\u0131n arkas\u0131ndaki Bilimsel Ara\u015ft\u0131rmalar b\u00f6lgesinde \u00e7ok say\u0131da silahl\u0131 ter\u00f6r \u00f6rg\u00fct\u00fc mensubunu \u00f6ld\u00fcrd\u00fcklerini s\u00f6yledi.<\/p>\n<p><span style=\"color: #0000ff\">\u0130dlib K\u0131rsal\u0131nda Ara\u00e7lar\u0131yla Havaya U\u00e7uruldular<\/span><\/p>\n<p>\u0130dlib k\u0131rsal\u0131n\u0131n Serakib B\u00f6lgesinde Maardibse \u2013 Dadih Kav\u015fa\u011f\u0131 yak\u0131nlar\u0131nda a\u011f\u0131r makineli silahla donat\u0131lm\u0131\u015f bir arac\u0131 ta\u015f\u0131d\u0131\u011f\u0131 ter\u00f6ristlerle birlikte havaya u\u00e7uran ordu birliklerimiz, Bera, Cebala, Maartemater, Hbayt, Han \u015eeyhun ve Maarzeyta karayolunda Nusra Cephesinin k\u00fcmelenme yerleri, cephanelikleri ve ara\u00e7lar\u0131n\u0131 muhtevalar\u0131yla hedef al\u0131p \u00e7ok say\u0131da ter\u00f6risti \u00f6l\u00fc yaral\u0131 d\u00fc\u015f\u00fcrd\u00fc.<\/p>\n<p><span style=\"color: #0000ff\">Homs K\u0131rsal\u0131nda Ter\u00f6ristlerin Toplanma Merkezleri Hedef Al\u0131nd\u0131<\/span><\/p>\n<p>Askeri kaynak, ordu birliklerimizin Homs k\u0131rsal\u0131n\u0131n el Vaar Semti, Sultaniye, Selam \u015earki ve Selam Garbi K\u00f6yleri, Tedmur\u2019un kuzeyindeki \u00e7iftlikler ve Hisye\u2019deki Vadi el Kehf ve Cezel Petrol Kuyusunda bulunan ter\u00f6ristlerin toplanma merkezleri ve hareketlenmelerini hedef almalar\u0131 sonucunda \u00e7ok say\u0131da ter\u00f6risti \u00f6l\u00fc ve yaral\u0131 d\u00fc\u015f\u00fcrd\u00fcklerini s\u00f6yledi.<\/p>\n<p><span style=\"color: #0000ff\">Dera K\u0131rsal\u0131nda Nusra Cephesi Ter\u00f6r \u00d6rg\u00fct\u00fc Eleba\u015f\u0131 \u00d6ld\u00fcr\u00fcld\u00fc<\/span><\/p>\n<p>Askeri kaynak, ordu birliklerimizin Dera k\u0131rsal\u0131nda, \u015eeyh Miskin ve \u00e7evresinde bulunan askeri kontrol noktalar\u0131na sald\u0131r\u0131 giri\u015fimlerinde bulunmalar\u0131 esnas\u0131nda \u00e7ok say\u0131da ter\u00f6ristin \u00f6ld\u00fcr\u00fcld\u00fc\u011f\u00fcn\u00fc, \u00f6len ter\u00f6ristler aras\u0131nda Nusra Cephesinden \u00dcrd\u00fcn uyruklu ter\u00f6rist eleba\u015f\u0131 \u201cAbu Yakup el Maani\u201dnin bulundu\u011funu ifade etti.<\/p>\n<p>Kaynak, ordu birliklerimizin Dera k\u0131rsal\u0131 Ebta, Dael ve Tel Hamad\u2019ta Dera Beled eski g\u00fcmr\u00fc\u011f\u00fcn \u00e7evresinde ter\u00f6ristlerin toplanma merkezlerini hedef almalar\u0131 sonucunda \u00e7ok say\u0131da ter\u00f6ristin \u00f6l\u00fc ve yaral\u0131 d\u00fc\u015f\u00fcr\u00fcld\u00fc\u011f\u00fcn\u00fc su\u00e7 edatlar\u0131n\u0131n da imha edildi\u011fini belirtti.<\/p>\n<p>Askeri bir kaynak SANA\u2019ya a\u00e7\u0131klamas\u0131nda ordu birliklerimizin Dera k\u0131rsal\u0131 \u015eeyh Meskin Beldesi \u00e7evresindeki el Cailiye K\u00f6y\u00fcnde ter\u00f6ristlerin toplanma yerlerini hedef almalar\u0131yla silah ve m\u00fchimmatlar\u0131n\u0131 imha edip \u00e7ok say\u0131da ter\u00f6risti \u00f6l\u00fc ve yaral\u0131 d\u00fc\u015f\u00fcrd\u00fcklerini ifade etti.<\/p>\n<p>\u00d6te yandan Dael Kentinde \u2018Liva el Kerama\u2019 ad\u0131yla bilinen olu\u015fuma ait bir yuvay\u0131 hedef alan ordu birliklerimiz; a\u011f\u0131r makineli silahla donat\u0131lm\u0131\u015f 2 arac\u0131 ve cephanelikle y\u00fckl\u00fc bir kamyona ilaveten ter\u00f6rist ta\u015f\u0131yan ba\u015fka bir arac\u0131 de imha etti.<\/p>\n<p>Kaynak, ordu birliklerimizin Nasib s\u0131n\u0131r kap\u0131s\u0131 yak\u0131nlar\u0131ndaki Tavuk \u00c7iftli\u011finin do\u011fusunda ter\u00f6ristlere ait 2 arac\u0131, \u015eeyh Miskin Beldesinde bir top ile Dera Beled Suveydan Caddesinde i\u00e7indeki ter\u00f6ristlerle birlikte bir ara\u00e7lar\u0131n\u0131 imha ettiklerini s\u00f6yledi.<\/p>\n<div style=\"width: 618px;\" class=\"wp-video\"><!--[if lt IE 9]><script>document.createElement('video');<\/script><![endif]-->\n<video class=\"wp-video-shortcode\" id=\"video-14929-1\" width=\"618\" height=\"348\" preload=\"metadata\" controls=\"controls\"><source type=\"video\/x-flv\" src=\"http:\/\/www.sana.sy\/tr\/wp-content\/uploads\/2014\/11\/Dera.flv?_=1\" \/><a href=\"http:\/\/www.sana.sy\/tr\/wp-content\/uploads\/2014\/11\/Dera.flv\">http:\/\/www.sana.sy\/tr\/wp-content\/uploads\/2014\/11\/Dera.flv<\/a><\/video><\/div>\n<p>&nbsp;<\/p>\n<p><span style=\"color: #0000ff\">\u0130dlip K\u0131rsal\u0131nda \u00c7ok Say\u0131da Ter\u00f6rist \u00d6ld\u00fcr\u00fcld\u00fc<\/span><\/p>\n<p>Askeri kaynak, kahraman ordu birliklerimizin \u0130dlib k\u0131rsal\u0131 Korin, Henya, Cebel el Arbain Da\u011f\u0131 \u00e7evresi, Ehsem, Eblin, Rami, Abu el Duhur havaalan\u0131n\u0131n g\u00fcneybat\u0131s\u0131, Hamidiye \u00e7evresi ve Sermin\u2019de \u00e7ok say\u0131da ter\u00f6risti \u00f6l\u00fc ve yaral\u0131 d\u00fc\u015f\u00fcrd\u00fcklerini su\u00e7 edatlar\u0131n\u0131 da imha ettiklerini s\u00f6yledi.<\/p>\n<p>&nbsp;<\/p>\n","protected":false},"excerpt":{"rendered":"<p>\u0130LLER \u2013 Kahraman ordu birliklerimizin hain ve gaddar ter\u00f6ristlere y\u00f6nelik ba\u015far\u0131l\u0131 operasyonlar\u0131n\u0131 s\u00fcrd\u00fcrd\u00fc\u011f\u00fc bir zamanda ter\u00f6ristlerin say\u0131 ve te\u00e7hizat bak\u0131m\u0131ndan a\u011f\u0131r kay\u0131plar\u0131 da devam ediyor. Kunaytra K\u0131rsal\u0131nda 150 M Uzunlu\u011funda Bir T\u00fcnel \u0130mha Edildi Askeri kaynak, ordu birliklerimizin Kunaytra k\u0131rsal\u0131nda Tel Kurum Cebba ve Um Bat\u0131na\u2019y\u0131 birbirine ba\u011flayan barikat, keskin ni\u015fanc\u0131lar i\u00e7in at\u0131\u015f ve n\u00f6bet &hellip;<\/p>\n","protected":false},"author":1,"featured_media":14930,"comment_status":"closed","ping_status":"closed","sticky":false,"template":"","format":"standard","meta":{"footnotes":""},"categories":[575],"tags":[5272],"class_list":["post-14929","post","type-post","status-publish","format-standard","has-post-thumbnail","","category-olaylar-ve-gercekler","tag-kunaytrada-150-m-tunel-imha-edildi-dera-ve-idlib-kirsallarinda-agir-kayiplara-ugratildilar"],"_links":{"self":[{"href":"https:\/\/archive.sana.sy\/tr\/index.php?rest_route=\/wp\/v2\/posts\/14929","targetHints":{"allow":["GET"]}}],"collection":[{"href":"https:\/\/archive.sana.sy\/tr\/index.php?rest_route=\/wp\/v2\/posts"}],"about":[{"href":"https:\/\/archive.sana.sy\/tr\/index.php?rest_route=\/wp\/v2\/types\/post"}],"author":[{"embeddable":true,"href":"https:\/\/archive.sana.sy\/tr\/index.php?rest_route=\/wp\/v2\/users\/1"}],"replies":[{"embeddable":true,"href":"https:\/\/archive.sana.sy\/tr\/index.php?rest_route=%2Fwp%2Fv2%2Fcomments&post=14929"}],"version-history":[{"count":0,"href":"https:\/\/archive.sana.sy\/tr\/index.php?rest_route=\/wp\/v2\/posts\/14929\/revisions"}],"wp:featuredmedia":[{"embeddable":true,"href":"https:\/\/archive.sana.sy\/tr\/index.php?rest_route=\/wp\/v2\/media\/14930"}],"wp:attachment":[{"href":"https:\/\/archive.sana.sy\/tr\/index.php?rest_route=%2Fwp%2Fv2%2Fmedia&parent=14929"}],"wp:term":[{"taxonomy":"category","embeddable":true,"href":"https:\/\/archive.sana.sy\/tr\/index.php?rest_route=%2Fwp%2Fv2%2Fcategories&post=14929"},{"taxonomy":"post_tag","embeddable":true,"href":"https:\/\/archive.sana.sy\/tr\/index.php?rest_route=%2Fwp%2Fv2%2Ftags&post=14929"}],"curies":[{"name":"wp","href":"https:\/\/api.w.org\/{rel}","templated":true}]}}