{"id":149651,"date":"2018-05-17T14:24:02","date_gmt":"2018-05-17T11:24:02","guid":{"rendered":"https:\/\/www.sana.sy\/tr\/?p=149651"},"modified":"2018-05-18T12:43:02","modified_gmt":"2018-05-18T09:43:02","slug":"bakanlik-tum-illerde-sosyal-bir-program-baslatti","status":"publish","type":"post","link":"https:\/\/archive.sana.sy\/tr\/?p=149651","title":{"rendered":"Bakanl\u0131k T\u00fcm \u0130llerde Sosyal Bir Program Ba\u015flatt\u0131"},"content":{"rendered":"<p>\u015eAM \u2013 Ramazan Ay\u0131n\u0131n ba\u015flamas\u0131 m\u00fcnasebetiyle \u00c7al\u0131\u015fma ve Sosyal \u0130\u015fler Bakanl\u0131\u011f\u0131 ihtiya\u00e7 sahibi aile ve \u00f6\u011frencilere iftar yeme\u011fi ve giyim takdim etme amac\u0131yla 4. Lokmam\u0131z Birdir slogan\u0131 alt\u0131nda sosyal faaliyet ba\u015flatt\u0131.<\/p>\n<p>Bakanl\u0131k yay\u0131nlad\u0131\u011f\u0131 b\u00fcltende farkl\u0131 illerde \u00f6zellikle ge\u00e7ici ikamet merkezlerinde ter\u00f6r ma\u011fduru aileler ve sosyal merkezlerde olmak \u00fczere ihtiya\u00e7 sahibi aileler ve \u00f6\u011frenci yurtlar\u0131nda kalan \u00f6\u011frencilere odaklan\u0131laca\u011f\u0131n\u0131 kaydetti.<\/p>\n<p>Bakanl\u0131k program kapsam\u0131nda s\u0131cak iftar yeme\u011fi paketlerinin yan\u0131 s\u0131ra g\u0131da paketleri ve giyimin da\u011f\u0131t\u0131laca\u011f\u0131n\u0131 kaydetti.<\/p>\n","protected":false},"excerpt":{"rendered":"<p>\u015eAM \u2013 Ramazan Ay\u0131n\u0131n ba\u015flamas\u0131 m\u00fcnasebetiyle \u00c7al\u0131\u015fma ve Sosyal \u0130\u015fler Bakanl\u0131\u011f\u0131 ihtiya\u00e7 sahibi aile ve \u00f6\u011frencilere iftar yeme\u011fi ve giyim takdim etme amac\u0131yla 4. Lokmam\u0131z Birdir slogan\u0131 alt\u0131nda sosyal faaliyet ba\u015flatt\u0131. Bakanl\u0131k yay\u0131nlad\u0131\u011f\u0131 b\u00fcltende farkl\u0131 illerde \u00f6zellikle ge\u00e7ici ikamet merkezlerinde ter\u00f6r ma\u011fduru aileler ve sosyal merkezlerde olmak \u00fczere ihtiya\u00e7 sahibi aileler ve \u00f6\u011frenci yurtlar\u0131nda kalan &hellip;<\/p>\n","protected":false},"author":1,"featured_media":149652,"comment_status":"closed","ping_status":"closed","sticky":false,"template":"","format":"standard","meta":{"footnotes":""},"categories":[526,541,479,17988,525,538,478],"tags":[21588,18242,36209,16591,12240,22181],"class_list":["post-149651","post","type-post","status-publish","format-standard","has-post-thumbnail","","category-haber-ve-raporlar","category-haberler","category-haberler-yerel","category-son-haberler","category-toplum","category-yasam","category-yerel","tag-ramazan-ayi","tag-sosyal-faaliyet","tag-sosyal-program","tag-suriye","tag-suriye-hukumeti","tag-suriyeliler"],"_links":{"self":[{"href":"https:\/\/archive.sana.sy\/tr\/index.php?rest_route=\/wp\/v2\/posts\/149651","targetHints":{"allow":["GET"]}}],"collection":[{"href":"https:\/\/archive.sana.sy\/tr\/index.php?rest_route=\/wp\/v2\/posts"}],"about":[{"href":"https:\/\/archive.sana.sy\/tr\/index.php?rest_route=\/wp\/v2\/types\/post"}],"author":[{"embeddable":true,"href":"https:\/\/archive.sana.sy\/tr\/index.php?rest_route=\/wp\/v2\/users\/1"}],"replies":[{"embeddable":true,"href":"https:\/\/archive.sana.sy\/tr\/index.php?rest_route=%2Fwp%2Fv2%2Fcomments&post=149651"}],"version-history":[{"count":0,"href":"https:\/\/archive.sana.sy\/tr\/index.php?rest_route=\/wp\/v2\/posts\/149651\/revisions"}],"wp:featuredmedia":[{"embeddable":true,"href":"https:\/\/archive.sana.sy\/tr\/index.php?rest_route=\/wp\/v2\/media\/149652"}],"wp:attachment":[{"href":"https:\/\/archive.sana.sy\/tr\/index.php?rest_route=%2Fwp%2Fv2%2Fmedia&parent=149651"}],"wp:term":[{"taxonomy":"category","embeddable":true,"href":"https:\/\/archive.sana.sy\/tr\/index.php?rest_route=%2Fwp%2Fv2%2Fcategories&post=149651"},{"taxonomy":"post_tag","embeddable":true,"href":"https:\/\/archive.sana.sy\/tr\/index.php?rest_route=%2Fwp%2Fv2%2Ftags&post=149651"}],"curies":[{"name":"wp","href":"https:\/\/api.w.org\/{rel}","templated":true}]}}