{"id":14970,"date":"2014-11-08T14:52:16","date_gmt":"2014-11-08T12:52:16","guid":{"rendered":"http:\/\/www.sana.sy\/tr\/?p=14970"},"modified":"2014-11-08T14:52:16","modified_gmt":"2014-11-08T12:52:16","slug":"isid-turk-otoritelerin-engelledigi-vatandaslarin-kaldiklari-kampi-bombaladi","status":"publish","type":"post","link":"https:\/\/archive.sana.sy\/tr\/?p=14970","title":{"rendered":"I\u015e\u0130D T\u00fcrk Otoritelerin Engelledi\u011fi Vatanda\u015flar\u0131n Kald\u0131klar\u0131 Kamp\u0131 Bombalad\u0131"},"content":{"rendered":"<p>HALEP \u2013 Halep k\u0131rsal\u0131n\u0131n kuzeydo\u011fusuna d\u00fc\u015fen Ayn Arap ahalisi kimi d\u0131\u015f g\u00fc\u00e7lerin deste\u011findeki I\u015e\u0130D ter\u00f6ristlerine kar\u015f\u0131 kentlerini kahramanca savunmaya devam ediyor.<\/p>\n<p>Yerel kaynaklar kent ahalisinin kentin do\u011fusuna d\u00fc\u015fen semtlere I\u015e\u0130D tekfircilerinin s\u0131zma giri\u015fimlerini \u00e7\u00f6kerterek onlar\u0131 a\u011f\u0131r kay\u0131plara u\u011fratmalar\u0131 ard\u0131ndan b\u00f6lgede \u015fiddetli \u00e7at\u0131\u015fmalar\u0131n devam etti\u011fini aktard\u0131.<\/p>\n<p>\u00d6te yandan I\u015e\u0130D tekfircilerinin bug\u00fcn sabah saatlerinde Ayn Arap Kentinin bat\u0131s\u0131na d\u00fc\u015fen Tel \u015eiayr Tepesi yak\u0131nlar\u0131nda tehcir edilen vatanda\u015flar\u0131n kald\u0131klar\u0131 bir kamp\u0131n\u0131 bombalamalar\u0131 sonucunda 2 vatanda\u015f \u015fehit d\u00fc\u015ferken, aralar\u0131nda bir \u00e7ocu\u011fun bulundu\u011fu 4 vatanda\u015f da yaraland\u0131.<\/p>\n<p>Yerel kaynaklar I\u015e\u0130D \u00e7etelerinin bombalad\u0131klar\u0131 ve T\u00fcrkiye s\u0131n\u0131rlar\u0131na yak\u0131n d\u00fc\u015fen kamp\u2019ta Ayn Arap Kentinden tehcir edilen y\u00fczlerce vatanda\u015f\u0131n ikamet etti\u011fini belirtirken, T\u00fcrk otoritelerin bu vatanda\u015flar\u0131n T\u00fcrkiye topraklar\u0131na s\u0131\u011f\u0131nmalar\u0131n\u0131 engellediklerini kaydetti.<\/p>\n","protected":false},"excerpt":{"rendered":"<p>HALEP \u2013 Halep k\u0131rsal\u0131n\u0131n kuzeydo\u011fusuna d\u00fc\u015fen Ayn Arap ahalisi kimi d\u0131\u015f g\u00fc\u00e7lerin deste\u011findeki I\u015e\u0130D ter\u00f6ristlerine kar\u015f\u0131 kentlerini kahramanca savunmaya devam ediyor. Yerel kaynaklar kent ahalisinin kentin do\u011fusuna d\u00fc\u015fen semtlere I\u015e\u0130D tekfircilerinin s\u0131zma giri\u015fimlerini \u00e7\u00f6kerterek onlar\u0131 a\u011f\u0131r kay\u0131plara u\u011fratmalar\u0131 ard\u0131ndan b\u00f6lgede \u015fiddetli \u00e7at\u0131\u015fmalar\u0131n devam etti\u011fini aktard\u0131. \u00d6te yandan I\u015e\u0130D tekfircilerinin bug\u00fcn sabah saatlerinde Ayn Arap Kentinin &hellip;<\/p>\n","protected":false},"author":1,"featured_media":14971,"comment_status":"closed","ping_status":"closed","sticky":false,"template":"","format":"standard","meta":{"footnotes":""},"categories":[575,447],"tags":[5284,5283,5285],"class_list":["post-14970","post","type-post","status-publish","format-standard","has-post-thumbnail","","category-olaylar-ve-gercekler","category-politika","tag-aralarinda-bir-cocugun-bulundugu-4-vatandas-da-yaralandi-yerel-kaynaklar-isid-cetelerinin-bombaladiklari-ve-turkiye-sinirlarina-yakin-dusen-kampta-ayn-arap-kentinden-tehcir-edilen-yuzlerce-v","tag-isid-turk-otoritelerin-engelledigi-vatandaslarin-kaldiklari-kampi-bombaladi-halep-halep-kirsalinin-kuzeydogusuna-dusen-ayn-arap-ahalisi-kimi-dis-guclerin-destegindeki-isid-teroristlerine-kar","tag-turk-otoritelerin-bu-vatandaslarin-turkiye-topraklarina-siginmalarini-engellediklerini-kaydetti"],"_links":{"self":[{"href":"https:\/\/archive.sana.sy\/tr\/index.php?rest_route=\/wp\/v2\/posts\/14970","targetHints":{"allow":["GET"]}}],"collection":[{"href":"https:\/\/archive.sana.sy\/tr\/index.php?rest_route=\/wp\/v2\/posts"}],"about":[{"href":"https:\/\/archive.sana.sy\/tr\/index.php?rest_route=\/wp\/v2\/types\/post"}],"author":[{"embeddable":true,"href":"https:\/\/archive.sana.sy\/tr\/index.php?rest_route=\/wp\/v2\/users\/1"}],"replies":[{"embeddable":true,"href":"https:\/\/archive.sana.sy\/tr\/index.php?rest_route=%2Fwp%2Fv2%2Fcomments&post=14970"}],"version-history":[{"count":0,"href":"https:\/\/archive.sana.sy\/tr\/index.php?rest_route=\/wp\/v2\/posts\/14970\/revisions"}],"wp:featuredmedia":[{"embeddable":true,"href":"https:\/\/archive.sana.sy\/tr\/index.php?rest_route=\/wp\/v2\/media\/14971"}],"wp:attachment":[{"href":"https:\/\/archive.sana.sy\/tr\/index.php?rest_route=%2Fwp%2Fv2%2Fmedia&parent=14970"}],"wp:term":[{"taxonomy":"category","embeddable":true,"href":"https:\/\/archive.sana.sy\/tr\/index.php?rest_route=%2Fwp%2Fv2%2Fcategories&post=14970"},{"taxonomy":"post_tag","embeddable":true,"href":"https:\/\/archive.sana.sy\/tr\/index.php?rest_route=%2Fwp%2Fv2%2Ftags&post=14970"}],"curies":[{"name":"wp","href":"https:\/\/api.w.org\/{rel}","templated":true}]}}