{"id":150206,"date":"2018-05-23T20:18:54","date_gmt":"2018-05-23T17:18:54","guid":{"rendered":"https:\/\/www.sana.sy\/tr\/?p=150206"},"modified":"2018-05-24T12:24:53","modified_gmt":"2018-05-24T09:24:53","slug":"isidli-saldirganlar-agir-kayiplara-ugratildi","status":"publish","type":"post","link":"https:\/\/archive.sana.sy\/tr\/?p=150206","title":{"rendered":"I\u015e\u0130D\u2019li Sald\u0131rganlar A\u011f\u0131r Kay\u0131plara U\u011frat\u0131ld\u0131 (video)"},"content":{"rendered":"<p>DEYREZZOR \u2013 Ordu birliklerimiz Deyrezzor \u0130linin Meyadin k\u0131rsal\u0131 Badiye B\u00f6lgesinde radikal ter\u00f6r \u00f6rg\u00fct\u00fc I\u015e\u0130D\u2019in askeri mevkilere sald\u0131r\u0131s\u0131na ba\u015far\u0131yla kar\u015f\u0131 koydu.<\/p>\n<p>Askeri bir kaynak SANA\u2019ya a\u00e7\u0131klamalar\u0131nda I\u015e\u0130D\u2019li ter\u00f6ristlerin Badiye B\u00f6lgesinde askeri mevkilere sald\u0131r\u0131 giri\u015fiminde bulunmalar\u0131yla ordu birliklerimizin sald\u0131rganlarla \u015fiddetli \u00e7at\u0131\u015fmalara girdiklerini belirtti.<\/p>\n<p>Kaynak \u00e7at\u0131\u015fmalarda sald\u0131rganlar\u0131n be\u015feri ve ekipman a\u00e7\u0131s\u0131ndan b\u00fcy\u00fck kay\u0131plara u\u011frat\u0131ld\u0131klar\u0131na dikkat \u00e7ekti.<\/p>\n<p>https:\/\/www.youtube.com\/watch?v=G1gkKeesjMo<\/p>\n","protected":false},"excerpt":{"rendered":"<p>DEYREZZOR \u2013 Ordu birliklerimiz Deyrezzor \u0130linin Meyadin k\u0131rsal\u0131 Badiye B\u00f6lgesinde radikal ter\u00f6r \u00f6rg\u00fct\u00fc I\u015e\u0130D\u2019in askeri mevkilere sald\u0131r\u0131s\u0131na ba\u015far\u0131yla kar\u015f\u0131 koydu. Askeri bir kaynak SANA\u2019ya a\u00e7\u0131klamalar\u0131nda I\u015e\u0130D\u2019li ter\u00f6ristlerin Badiye B\u00f6lgesinde askeri mevkilere sald\u0131r\u0131 giri\u015fiminde bulunmalar\u0131yla ordu birliklerimizin sald\u0131rganlarla \u015fiddetli \u00e7at\u0131\u015fmalara girdiklerini belirtti. Kaynak \u00e7at\u0131\u015fmalarda sald\u0131rganlar\u0131n be\u015feri ve ekipman a\u00e7\u0131s\u0131ndan b\u00fcy\u00fck kay\u0131plara u\u011frat\u0131ld\u0131klar\u0131na dikkat \u00e7ekti. https:\/\/www.youtube.com\/watch?v=G1gkKeesjMo<\/p>\n","protected":false},"author":1,"featured_media":150209,"comment_status":"closed","ping_status":"closed","sticky":false,"template":"","format":"standard","meta":{"footnotes":""},"categories":[479,575,17988,478],"tags":[29673,18576,18577,2494,2318,18674,11549,19034,4076],"class_list":["post-150206","post","type-post","status-publish","format-standard","has-post-thumbnail","","category-haberler-yerel","category-olaylar-ve-gercekler","category-son-haberler","category-yerel","tag-catisma","tag-daes","tag-deas","tag-deyrezzor","tag-isid","tag-silahli-muhalifler","tag-suriye-ordusu","tag-suriyeli-muhalifler","tag-terorle-mucadele"],"_links":{"self":[{"href":"https:\/\/archive.sana.sy\/tr\/index.php?rest_route=\/wp\/v2\/posts\/150206","targetHints":{"allow":["GET"]}}],"collection":[{"href":"https:\/\/archive.sana.sy\/tr\/index.php?rest_route=\/wp\/v2\/posts"}],"about":[{"href":"https:\/\/archive.sana.sy\/tr\/index.php?rest_route=\/wp\/v2\/types\/post"}],"author":[{"embeddable":true,"href":"https:\/\/archive.sana.sy\/tr\/index.php?rest_route=\/wp\/v2\/users\/1"}],"replies":[{"embeddable":true,"href":"https:\/\/archive.sana.sy\/tr\/index.php?rest_route=%2Fwp%2Fv2%2Fcomments&post=150206"}],"version-history":[{"count":0,"href":"https:\/\/archive.sana.sy\/tr\/index.php?rest_route=\/wp\/v2\/posts\/150206\/revisions"}],"wp:featuredmedia":[{"embeddable":true,"href":"https:\/\/archive.sana.sy\/tr\/index.php?rest_route=\/wp\/v2\/media\/150209"}],"wp:attachment":[{"href":"https:\/\/archive.sana.sy\/tr\/index.php?rest_route=%2Fwp%2Fv2%2Fmedia&parent=150206"}],"wp:term":[{"taxonomy":"category","embeddable":true,"href":"https:\/\/archive.sana.sy\/tr\/index.php?rest_route=%2Fwp%2Fv2%2Fcategories&post=150206"},{"taxonomy":"post_tag","embeddable":true,"href":"https:\/\/archive.sana.sy\/tr\/index.php?rest_route=%2Fwp%2Fv2%2Ftags&post=150206"}],"curies":[{"name":"wp","href":"https:\/\/api.w.org\/{rel}","templated":true}]}}