{"id":150242,"date":"2018-05-23T15:44:04","date_gmt":"2018-05-23T12:44:04","guid":{"rendered":"https:\/\/www.sana.sy\/tr\/?p=150242"},"modified":"2018-05-24T12:26:34","modified_gmt":"2018-05-24T09:26:34","slug":"gencleri-is-piyasalarina-hazirlama-amacli-girisim-baslatildi","status":"publish","type":"post","link":"https:\/\/archive.sana.sy\/tr\/?p=150242","title":{"rendered":"Gen\u00e7leri \u0130\u015f Piyasalar\u0131na Haz\u0131rlama Ama\u00e7l\u0131 Giri\u015fim Ba\u015flat\u0131ld\u0131"},"content":{"rendered":"<p>\u015eAM \u2013 Topluluk Ar\u0131lar\u0131 Ekibi gen\u00e7lerin yetene\u011fini peki\u015ftirme, deneyim kazand\u0131rma ve onlar\u0131 i\u015f piyasas\u0131na haz\u0131rlama ama\u00e7l\u0131 bir proje ba\u015flatt\u0131.<\/p>\n<p><a href=\"https:\/\/www.sana.sy\/tr\/wp-content\/uploads\/2018\/05\/2-139.jpg\"><img loading=\"lazy\" decoding=\"async\" class=\"alignright wp-image-150245 size-medium\" src=\"https:\/\/www.sana.sy\/tr\/wp-content\/uploads\/2018\/05\/2-139-300x172.jpg\" alt=\"\" width=\"300\" height=\"172\" srcset=\"https:\/\/archive.sana.sy\/tr\/wp-content\/uploads\/2018\/05\/2-139-300x172.jpg 300w, https:\/\/archive.sana.sy\/tr\/wp-content\/uploads\/2018\/05\/2-139-150x86.jpg 150w, https:\/\/archive.sana.sy\/tr\/wp-content\/uploads\/2018\/05\/2-139.jpg 660w\" sizes=\"auto, (max-width: 300px) 100vw, 300px\" \/><\/a>Anahtarlar ad\u0131 verilen projede 18-26 ya\u015flar\u0131ndaki gen\u00e7lerin yeni i\u015f f\u0131rsatlar\u0131 elde etmeleri, deneyimlerini peki\u015ftirmeleri ve mesleklerinde performanslar\u0131n\u0131 artt\u0131rmay\u0131 ama\u00e7lan\u0131yor.<\/p>\n<p>Proje koordinat\u00f6r\u00fc Meryem Muhammed gen\u00e7lere yeni meslek kazand\u0131rma \u00e7al\u0131\u015fmalar\u0131n\u0131n da yer ald\u0131\u011f\u0131 projede, mesleki rehberlik ve uygun karar alma yeteneklerinin de geli\u015ftirildi\u011fini a\u00e7\u0131klad\u0131. Muhammed proje kapsam\u0131nda g\u00f6n\u00fcll\u00fc uzmanlar taraf\u0131ndan bir\u00e7ok meslek ve alanda teorik ve pratik e\u011fitimin sa\u011fland\u0131\u011f\u0131na dikkat \u00e7ekti.<\/p>\n","protected":false},"excerpt":{"rendered":"<p>\u015eAM \u2013 Topluluk Ar\u0131lar\u0131 Ekibi gen\u00e7lerin yetene\u011fini peki\u015ftirme, deneyim kazand\u0131rma ve onlar\u0131 i\u015f piyasas\u0131na haz\u0131rlama ama\u00e7l\u0131 bir proje ba\u015flatt\u0131. Anahtarlar ad\u0131 verilen projede 18-26 ya\u015flar\u0131ndaki gen\u00e7lerin yeni i\u015f f\u0131rsatlar\u0131 elde etmeleri, deneyimlerini peki\u015ftirmeleri ve mesleklerinde performanslar\u0131n\u0131 artt\u0131rmay\u0131 ama\u00e7lan\u0131yor. Proje koordinat\u00f6r\u00fc Meryem Muhammed gen\u00e7lere yeni meslek kazand\u0131rma \u00e7al\u0131\u015fmalar\u0131n\u0131n da yer ald\u0131\u011f\u0131 projede, mesleki rehberlik ve uygun &hellip;<\/p>\n","protected":false},"author":1,"featured_media":150244,"comment_status":"closed","ping_status":"closed","sticky":false,"template":"","format":"standard","meta":{"footnotes":""},"categories":[526,541,479,17988,525,538,478],"tags":[36285,34331,31591,36284],"class_list":["post-150242","post","type-post","status-publish","format-standard","has-post-thumbnail","","category-haber-ve-raporlar","category-haberler","category-haberler-yerel","category-son-haberler","category-toplum","category-yasam","category-yerel","tag-anahtarlar","tag-genclerin","tag-proje","tag-topluluk-arilari-ekibi"],"_links":{"self":[{"href":"https:\/\/archive.sana.sy\/tr\/index.php?rest_route=\/wp\/v2\/posts\/150242","targetHints":{"allow":["GET"]}}],"collection":[{"href":"https:\/\/archive.sana.sy\/tr\/index.php?rest_route=\/wp\/v2\/posts"}],"about":[{"href":"https:\/\/archive.sana.sy\/tr\/index.php?rest_route=\/wp\/v2\/types\/post"}],"author":[{"embeddable":true,"href":"https:\/\/archive.sana.sy\/tr\/index.php?rest_route=\/wp\/v2\/users\/1"}],"replies":[{"embeddable":true,"href":"https:\/\/archive.sana.sy\/tr\/index.php?rest_route=%2Fwp%2Fv2%2Fcomments&post=150242"}],"version-history":[{"count":0,"href":"https:\/\/archive.sana.sy\/tr\/index.php?rest_route=\/wp\/v2\/posts\/150242\/revisions"}],"wp:featuredmedia":[{"embeddable":true,"href":"https:\/\/archive.sana.sy\/tr\/index.php?rest_route=\/wp\/v2\/media\/150244"}],"wp:attachment":[{"href":"https:\/\/archive.sana.sy\/tr\/index.php?rest_route=%2Fwp%2Fv2%2Fmedia&parent=150242"}],"wp:term":[{"taxonomy":"category","embeddable":true,"href":"https:\/\/archive.sana.sy\/tr\/index.php?rest_route=%2Fwp%2Fv2%2Fcategories&post=150242"},{"taxonomy":"post_tag","embeddable":true,"href":"https:\/\/archive.sana.sy\/tr\/index.php?rest_route=%2Fwp%2Fv2%2Ftags&post=150242"}],"curies":[{"name":"wp","href":"https:\/\/api.w.org\/{rel}","templated":true}]}}