{"id":150452,"date":"2018-05-26T14:36:06","date_gmt":"2018-05-26T11:36:06","guid":{"rendered":"https:\/\/www.sana.sy\/tr\/?p=150452"},"modified":"2018-05-27T13:51:35","modified_gmt":"2018-05-27T10:51:35","slug":"onlarca-kisi-silahini-teslim-edip-af-kararindan-faydalandi","status":"publish","type":"post","link":"https:\/\/archive.sana.sy\/tr\/?p=150452","title":{"rendered":"Onlarca Ki\u015fi Silah\u0131n\u0131 Teslim Edip Af Karar\u0131ndan Faydaland\u0131"},"content":{"rendered":"<p>HOMS \u2013 Homs k\u0131rsal\u0131n\u0131n kuzeyi ve Hama k\u0131rsal\u0131n\u0131n g\u00fcneyini ter\u00f6rden ar\u0131nd\u0131rma uzla\u015fmas\u0131 kapsam\u0131nda silah b\u0131rakmay\u0131 reddeden ter\u00f6ristlerin Suriye&#8217;nin kuzeyine aktar\u0131lmalar\u0131 ard\u0131ndan silahlar\u0131n\u0131 teslim edenlerin kanuni durumlar\u0131n\u0131 d\u00fczeltip normal ya\u015famlar\u0131na d\u00f6nmelerine yard\u0131m etme icraatlar\u0131 devam ediyor.<\/p>\n<p><a href=\"https:\/\/www.sana.sy\/tr\/wp-content\/uploads\/2018\/05\/1-293.jpg\"><img loading=\"lazy\" decoding=\"async\" class=\"alignright wp-image-150454 size-medium\" src=\"https:\/\/www.sana.sy\/tr\/wp-content\/uploads\/2018\/05\/1-293-300x220.jpg\" alt=\"\" width=\"300\" height=\"220\" srcset=\"https:\/\/archive.sana.sy\/tr\/wp-content\/uploads\/2018\/05\/1-293-300x220.jpg 300w, https:\/\/archive.sana.sy\/tr\/wp-content\/uploads\/2018\/05\/1-293-150x110.jpg 150w, https:\/\/archive.sana.sy\/tr\/wp-content\/uploads\/2018\/05\/1-293-768x562.jpg 768w, https:\/\/archive.sana.sy\/tr\/wp-content\/uploads\/2018\/05\/1-293-1024x749.jpg 1024w, https:\/\/archive.sana.sy\/tr\/wp-content\/uploads\/2018\/05\/1-293.jpg 1200w\" sizes=\"auto, (max-width: 300px) 100vw, 300px\" \/><\/a>Homs muhabiri g\u00fcvenlik birimlerinin bug\u00fcn Homs k\u0131rsal\u0131n\u0131n kuzeyinde t\u00fcm hafif silahlar\u0131n\u0131 teslim edip ulusal g\u00fcvenli\u011fi ihlal edecek herhangi bir eyleme kat\u0131lmama taahh\u00fcd\u00fc imzalayan onlarca ki\u015finin kanuni durumlar\u0131n\u0131n yeniden d\u00fczenlendi\u011fini aktard\u0131. Muhabir bu ki\u015filerin daha \u00f6nce t\u00fcm orta ve a\u011f\u0131r silahlar\u0131n\u0131 ordu birliklerimize teslim ettiklerini hat\u0131rlatt\u0131.<\/p>\n<p>G\u00fcvenlik birimleri silahlar\u0131n\u0131 teslim edip kanuni durumlar\u0131 yeniden d\u00fczenleneceklerin icraatlar\u0131n\u0131 h\u0131zland\u0131rma ve kolayla\u015ft\u0131rma amac\u0131yla Homs k\u0131rsal\u0131n\u0131n kuzeyi Resten, telbise Darulkebire ve Teldo b\u00f6lgelerinde yeni merkezler kurdu.<\/p>\n<p>\u00d6te yandan muhabir; silah teslimi ve kanuni durumlar\u0131 yeniden d\u00fczenleme icraatlar\u0131na e\u015f zamanl\u0131 bir \u015fekilde b\u00f6lgede ter\u00f6r kal\u0131nt\u0131lar\u0131 ve bomba d\u00fczeneklerini temizleme amac\u0131yla arama tarama operasyonlar\u0131n\u0131n devam etti\u011fini belirtti. Muhabir ayn\u0131 zamanda ter\u00f6ristlerin sabote ettikleri altyap\u0131 ve hizmet kurumlar\u0131n\u0131 da onarma \u00e7al\u0131\u015fmalar\u0131n\u0131n yo\u011fun bir \u015fekilde s\u00fcrd\u00fc\u011f\u00fcne dikkat \u00e7ekti.<\/p>\n","protected":false},"excerpt":{"rendered":"<p>HOMS \u2013 Homs k\u0131rsal\u0131n\u0131n kuzeyi ve Hama k\u0131rsal\u0131n\u0131n g\u00fcneyini ter\u00f6rden ar\u0131nd\u0131rma uzla\u015fmas\u0131 kapsam\u0131nda silah b\u0131rakmay\u0131 reddeden ter\u00f6ristlerin Suriye&#8217;nin kuzeyine aktar\u0131lmalar\u0131 ard\u0131ndan silahlar\u0131n\u0131 teslim edenlerin kanuni durumlar\u0131n\u0131 d\u00fczeltip normal ya\u015famlar\u0131na d\u00f6nmelerine yard\u0131m etme icraatlar\u0131 devam ediyor. Homs muhabiri g\u00fcvenlik birimlerinin bug\u00fcn Homs k\u0131rsal\u0131n\u0131n kuzeyinde t\u00fcm hafif silahlar\u0131n\u0131 teslim edip ulusal g\u00fcvenli\u011fi ihlal edecek herhangi bir eyleme &hellip;<\/p>\n","protected":false},"author":1,"featured_media":150453,"comment_status":"closed","ping_status":"closed","sticky":false,"template":"","format":"standard","meta":{"footnotes":""},"categories":[479,575,17988,478],"tags":[18363,1293,26383,35790,18674,16591,19034,22181],"class_list":["post-150452","post","type-post","status-publish","format-standard","has-post-thumbnail","","category-haberler-yerel","category-olaylar-ve-gercekler","category-son-haberler","category-yerel","tag-af-karari","tag-homs","tag-homs-kirsali","tag-silah-teslimi","tag-silahli-muhalifler","tag-suriye","tag-suriyeli-muhalifler","tag-suriyeliler"],"_links":{"self":[{"href":"https:\/\/archive.sana.sy\/tr\/index.php?rest_route=\/wp\/v2\/posts\/150452","targetHints":{"allow":["GET"]}}],"collection":[{"href":"https:\/\/archive.sana.sy\/tr\/index.php?rest_route=\/wp\/v2\/posts"}],"about":[{"href":"https:\/\/archive.sana.sy\/tr\/index.php?rest_route=\/wp\/v2\/types\/post"}],"author":[{"embeddable":true,"href":"https:\/\/archive.sana.sy\/tr\/index.php?rest_route=\/wp\/v2\/users\/1"}],"replies":[{"embeddable":true,"href":"https:\/\/archive.sana.sy\/tr\/index.php?rest_route=%2Fwp%2Fv2%2Fcomments&post=150452"}],"version-history":[{"count":0,"href":"https:\/\/archive.sana.sy\/tr\/index.php?rest_route=\/wp\/v2\/posts\/150452\/revisions"}],"wp:featuredmedia":[{"embeddable":true,"href":"https:\/\/archive.sana.sy\/tr\/index.php?rest_route=\/wp\/v2\/media\/150453"}],"wp:attachment":[{"href":"https:\/\/archive.sana.sy\/tr\/index.php?rest_route=%2Fwp%2Fv2%2Fmedia&parent=150452"}],"wp:term":[{"taxonomy":"category","embeddable":true,"href":"https:\/\/archive.sana.sy\/tr\/index.php?rest_route=%2Fwp%2Fv2%2Fcategories&post=150452"},{"taxonomy":"post_tag","embeddable":true,"href":"https:\/\/archive.sana.sy\/tr\/index.php?rest_route=%2Fwp%2Fv2%2Ftags&post=150452"}],"curies":[{"name":"wp","href":"https:\/\/api.w.org\/{rel}","templated":true}]}}