{"id":15046,"date":"2014-11-09T09:58:07","date_gmt":"2014-11-09T07:58:07","guid":{"rendered":"http:\/\/www.sana.sy\/tr\/?p=15046"},"modified":"2014-11-09T09:58:07","modified_gmt":"2014-11-09T07:58:07","slug":"suriye-uzerinde-bir-goz-sergisi-ziyaretcilerini-agirlamaya-basladi","status":"publish","type":"post","link":"https:\/\/archive.sana.sy\/tr\/?p=15046","title":{"rendered":"Suriye \u00dczerinde Bir G\u00f6z Sergisi Ziyaret\u00e7ilerini A\u011f\u0131rlamaya Ba\u015flad\u0131"},"content":{"rendered":"<p>\u015eAM \u2013 Filistinli Plastik Sanat\u00e7\u0131lar Birli\u011fine ba\u011fl\u0131 bir grup foto\u011fraf\u00e7\u0131 \u015eam\u2019da Han Asaad\u00a0 Saray\u0131nda haz\u0131rlad\u0131klar\u0131 \u201cSuriye \u00dczerine Bir G\u00f6z\u201d ba\u015fl\u0131kl\u0131 bir duvar tablosunun a\u00e7\u0131l\u0131\u015f\u0131n\u0131 bug\u00fcn yapt\u0131lar.<\/p>\n<p>Siyah-beyaz 104 foto\u011fraftan olu\u015fan tabloyla birlikte farkl\u0131 ebatlarda haz\u0131rlanm\u0131\u015f bir\u00e7ok foto\u011fraf ve plastik sanat tablosunun yer ald\u0131\u011f\u0131 sergi sanat\u00e7\u0131lar\u0131n y\u00f6nelimleri ve bak\u0131\u015f a\u00e7\u0131s\u0131yla zenginle\u015ftirilerek ziyaret\u00e7ilerini a\u011f\u0131rlamaya ba\u015flad\u0131.<\/p>\n<p>\u0130nsani ili\u015fkiler ve ya\u015fanmakta olan ger\u00e7ekli\u011fin insanlara yans\u0131mas\u0131 gibi temalar\u0131n i\u015flendi\u011fi sergi 20 Kas\u0131m tarihine kadar sanatseverlerin ziyaretlerine a\u00e7\u0131k olacak.<\/p>\n<div id='gallery-1' class='gallery galleryid-15046 gallery-columns-3 gallery-size-thumbnail'><figure class='gallery-item'>\n\t\t\t<div class='gallery-icon landscape'>\n\t\t\t\t<a href='https:\/\/archive.sana.sy\/tr\/wp-content\/uploads\/2014\/11\/sanat-2.jpg'><img loading=\"lazy\" decoding=\"async\" width=\"150\" height=\"99\" src=\"https:\/\/archive.sana.sy\/tr\/wp-content\/uploads\/2014\/11\/sanat-2-150x99.jpg\" class=\"attachment-thumbnail size-thumbnail\" alt=\"\" srcset=\"https:\/\/archive.sana.sy\/tr\/wp-content\/uploads\/2014\/11\/sanat-2-150x99.jpg 150w, https:\/\/archive.sana.sy\/tr\/wp-content\/uploads\/2014\/11\/sanat-2-300x199.jpg 300w, https:\/\/archive.sana.sy\/tr\/wp-content\/uploads\/2014\/11\/sanat-2-1024x681.jpg 1024w\" sizes=\"auto, (max-width: 150px) 100vw, 150px\" \/><\/a>\n\t\t\t<\/div><\/figure><figure class='gallery-item'>\n\t\t\t<div class='gallery-icon landscape'>\n\t\t\t\t<a href='https:\/\/archive.sana.sy\/tr\/wp-content\/uploads\/2014\/11\/sanat-3.jpg'><img loading=\"lazy\" decoding=\"async\" width=\"150\" height=\"99\" src=\"https:\/\/archive.sana.sy\/tr\/wp-content\/uploads\/2014\/11\/sanat-3-150x99.jpg\" class=\"attachment-thumbnail size-thumbnail\" alt=\"\" srcset=\"https:\/\/archive.sana.sy\/tr\/wp-content\/uploads\/2014\/11\/sanat-3-150x99.jpg 150w, https:\/\/archive.sana.sy\/tr\/wp-content\/uploads\/2014\/11\/sanat-3-300x199.jpg 300w, https:\/\/archive.sana.sy\/tr\/wp-content\/uploads\/2014\/11\/sanat-3-1024x681.jpg 1024w\" sizes=\"auto, (max-width: 150px) 100vw, 150px\" \/><\/a>\n\t\t\t<\/div><\/figure><figure class='gallery-item'>\n\t\t\t<div class='gallery-icon landscape'>\n\t\t\t\t<a href='https:\/\/archive.sana.sy\/tr\/wp-content\/uploads\/2014\/11\/sanat-4.jpg'><img loading=\"lazy\" decoding=\"async\" width=\"150\" height=\"99\" src=\"https:\/\/archive.sana.sy\/tr\/wp-content\/uploads\/2014\/11\/sanat-4-150x99.jpg\" class=\"attachment-thumbnail size-thumbnail\" alt=\"\" srcset=\"https:\/\/archive.sana.sy\/tr\/wp-content\/uploads\/2014\/11\/sanat-4-150x99.jpg 150w, https:\/\/archive.sana.sy\/tr\/wp-content\/uploads\/2014\/11\/sanat-4-300x199.jpg 300w, https:\/\/archive.sana.sy\/tr\/wp-content\/uploads\/2014\/11\/sanat-4-1024x681.jpg 1024w\" sizes=\"auto, (max-width: 150px) 100vw, 150px\" \/><\/a>\n\t\t\t<\/div><\/figure>\n\t\t<\/div>\n\n","protected":false},"excerpt":{"rendered":"<p>\u015eAM \u2013 Filistinli Plastik Sanat\u00e7\u0131lar Birli\u011fine ba\u011fl\u0131 bir grup foto\u011fraf\u00e7\u0131 \u015eam\u2019da Han Asaad\u00a0 Saray\u0131nda haz\u0131rlad\u0131klar\u0131 \u201cSuriye \u00dczerine Bir G\u00f6z\u201d ba\u015fl\u0131kl\u0131 bir duvar tablosunun a\u00e7\u0131l\u0131\u015f\u0131n\u0131 bug\u00fcn yapt\u0131lar. Siyah-beyaz 104 foto\u011fraftan olu\u015fan tabloyla birlikte farkl\u0131 ebatlarda haz\u0131rlanm\u0131\u015f bir\u00e7ok foto\u011fraf ve plastik sanat tablosunun yer ald\u0131\u011f\u0131 sergi sanat\u00e7\u0131lar\u0131n y\u00f6nelimleri ve bak\u0131\u015f a\u00e7\u0131s\u0131yla zenginle\u015ftirilerek ziyaret\u00e7ilerini a\u011f\u0131rlamaya ba\u015flad\u0131. \u0130nsani ili\u015fkiler &hellip;<\/p>\n","protected":false},"author":1,"featured_media":15047,"comment_status":"closed","ping_status":"closed","sticky":false,"template":"","format":"standard","meta":{"footnotes":""},"categories":[516,511],"tags":[5322],"class_list":["post-15046","post","type-post","status-publish","format-standard","has-post-thumbnail","","category-haberler-kultur-ve-sanat","category-kultur-ve-sanat","tag-suriye-uzerinde-bir-goz-sergisi-ziyaretcilerini-agirlamaya-basladi-sam-filistinli-plastik-sanatcilar-birligine-bagli-bir-grup-fotografci-samda-han-asaad-sarayinda-hazirladiklari"],"_links":{"self":[{"href":"https:\/\/archive.sana.sy\/tr\/index.php?rest_route=\/wp\/v2\/posts\/15046","targetHints":{"allow":["GET"]}}],"collection":[{"href":"https:\/\/archive.sana.sy\/tr\/index.php?rest_route=\/wp\/v2\/posts"}],"about":[{"href":"https:\/\/archive.sana.sy\/tr\/index.php?rest_route=\/wp\/v2\/types\/post"}],"author":[{"embeddable":true,"href":"https:\/\/archive.sana.sy\/tr\/index.php?rest_route=\/wp\/v2\/users\/1"}],"replies":[{"embeddable":true,"href":"https:\/\/archive.sana.sy\/tr\/index.php?rest_route=%2Fwp%2Fv2%2Fcomments&post=15046"}],"version-history":[{"count":0,"href":"https:\/\/archive.sana.sy\/tr\/index.php?rest_route=\/wp\/v2\/posts\/15046\/revisions"}],"wp:featuredmedia":[{"embeddable":true,"href":"https:\/\/archive.sana.sy\/tr\/index.php?rest_route=\/wp\/v2\/media\/15047"}],"wp:attachment":[{"href":"https:\/\/archive.sana.sy\/tr\/index.php?rest_route=%2Fwp%2Fv2%2Fmedia&parent=15046"}],"wp:term":[{"taxonomy":"category","embeddable":true,"href":"https:\/\/archive.sana.sy\/tr\/index.php?rest_route=%2Fwp%2Fv2%2Fcategories&post=15046"},{"taxonomy":"post_tag","embeddable":true,"href":"https:\/\/archive.sana.sy\/tr\/index.php?rest_route=%2Fwp%2Fv2%2Ftags&post=15046"}],"curies":[{"name":"wp","href":"https:\/\/api.w.org\/{rel}","templated":true}]}}