{"id":150466,"date":"2018-05-27T13:25:28","date_gmt":"2018-05-27T10:25:28","guid":{"rendered":"https:\/\/www.sana.sy\/tr\/?p=150466"},"modified":"2018-05-28T13:17:59","modified_gmt":"2018-05-28T10:17:59","slug":"isidli-azili-teroristler-turkiyede-5-yildizli-hapishanelerde-kaliyor","status":"publish","type":"post","link":"https:\/\/archive.sana.sy\/tr\/?p=150466","title":{"rendered":"I\u015e\u0130D\u2019li Az\u0131l\u0131 Ter\u00f6ristler T\u00fcrkiye&#8217;de 5 Y\u0131ld\u0131zl\u0131 Hapishanelerde Kal\u0131yor"},"content":{"rendered":"<p>LONDRA \u2013 \u0130ngiliz Daily Mail Gazetesi T\u00fcrkiye&#8217;de tutuklanan I\u015e\u0130D\u2019li az\u0131l\u0131 ter\u00f6ristlerin be\u015f y\u0131ld\u0131zl\u0131 otellere benzeyen yerlerde olduk\u00e7a y\u00fcksek bir rahatl\u0131k ve konfor i\u00e7inde ya\u015fad\u0131klar\u0131n\u0131 ortaya \u00e7\u0131kard\u0131.<\/p>\n<p>Gazete aralar\u0131nda I\u015e\u0130D\u2019li t\u00fcm ter\u00f6ristlerin \u00f6zel olarak in\u015fa edilmi\u015f hapishanede rahat\u00e7a dola\u015f\u0131p t\u00fcm ihtiya\u00e7lar\u0131n\u0131n kar\u015f\u0131lanmas\u0131na izin verildi\u011fini belirtti.<\/p>\n<p>Bu ter\u00f6ristlerin aralar\u0131nda bulunan ve Avustralya\u2019da aranan bir numaral\u0131 ter\u00f6rist olan Naim Berake\u015f\u2019in 2016 y\u0131l\u0131nda tutuklanmas\u0131ndan beri I\u015e\u0130D\u2019li 20 ter\u00f6rist ile birlikte \u00f6zel olarak yap\u0131lm\u0131\u015f otel tipi iki katl\u0131 bir binada ya\u015fad\u0131klar\u0131na dikkat \u00e7eken \u0130ngiliz gazete; bu az\u0131l\u0131 ter\u00f6ristlerin binada bulunan al\u0131\u015fveri\u015f merkezinden t\u00fcm gereksinimlerini temin etmelerinin m\u00fcmk\u00fcn oldu\u011funu kaydetti. Gazete I\u015e\u0130D\u2019li az\u0131l\u0131 ter\u00f6ristlerin konforlu ya\u015fam\u0131n t\u00fcm gereksinimlerine sahip olduklar\u0131na dikkat \u00e7ekerken, hapishane gardiyanlar\u0131 ve n\u00f6bet\u00e7ilerinin silahs\u0131z olduklar\u0131na vurgu yapt\u0131.<\/p>\n<p>Erdo\u011fan rejimi y\u0131llard\u0131r T\u00fcrkiye topraklar\u0131n\u0131 uluslar aras\u0131 az\u0131l\u0131 ter\u00f6ristlerin g\u00fcvenli bar\u0131na\u011f\u0131 ve ge\u00e7i\u015f koridoruna d\u00f6n\u00fc\u015ft\u00fcr\u00fcp, I\u015e\u0130D, Nusra Cephesi ve daha farkl\u0131 isimler alt\u0131ndaki ter\u00f6r \u00f6rg\u00fctlere her t\u00fcrl\u00fc deste\u011fi temin ediyor.<\/p>\n","protected":false},"excerpt":{"rendered":"<p>LONDRA \u2013 \u0130ngiliz Daily Mail Gazetesi T\u00fcrkiye&#8217;de tutuklanan I\u015e\u0130D\u2019li az\u0131l\u0131 ter\u00f6ristlerin be\u015f y\u0131ld\u0131zl\u0131 otellere benzeyen yerlerde olduk\u00e7a y\u00fcksek bir rahatl\u0131k ve konfor i\u00e7inde ya\u015fad\u0131klar\u0131n\u0131 ortaya \u00e7\u0131kard\u0131. Gazete aralar\u0131nda I\u015e\u0130D\u2019li t\u00fcm ter\u00f6ristlerin \u00f6zel olarak in\u015fa edilmi\u015f hapishanede rahat\u00e7a dola\u015f\u0131p t\u00fcm ihtiya\u00e7lar\u0131n\u0131n kar\u015f\u0131lanmas\u0131na izin verildi\u011fini belirtti. Bu ter\u00f6ristlerin aralar\u0131nda bulunan ve Avustralya\u2019da aranan bir numaral\u0131 ter\u00f6rist olan &hellip;<\/p>\n","protected":false},"author":1,"featured_media":150473,"comment_status":"closed","ping_status":"closed","sticky":false,"template":"","format":"standard","meta":{"footnotes":""},"categories":[556,559,17988,2554,2555],"tags":[18576,18577,9401,36307,2318,23376,16591,3039],"class_list":["post-150466","post","type-post","status-publish","format-standard","has-post-thumbnail","","category-basin","category-dunya-basini","category-son-haberler","category-suriye-ve-dunya","category-suriye-ve-turkiye","tag-daes","tag-deas","tag-erdogan","tag-h-tipi-ceazaevi","tag-isid","tag-radikal-teroristler","tag-suriye","tag-turkiye"],"_links":{"self":[{"href":"https:\/\/archive.sana.sy\/tr\/index.php?rest_route=\/wp\/v2\/posts\/150466","targetHints":{"allow":["GET"]}}],"collection":[{"href":"https:\/\/archive.sana.sy\/tr\/index.php?rest_route=\/wp\/v2\/posts"}],"about":[{"href":"https:\/\/archive.sana.sy\/tr\/index.php?rest_route=\/wp\/v2\/types\/post"}],"author":[{"embeddable":true,"href":"https:\/\/archive.sana.sy\/tr\/index.php?rest_route=\/wp\/v2\/users\/1"}],"replies":[{"embeddable":true,"href":"https:\/\/archive.sana.sy\/tr\/index.php?rest_route=%2Fwp%2Fv2%2Fcomments&post=150466"}],"version-history":[{"count":0,"href":"https:\/\/archive.sana.sy\/tr\/index.php?rest_route=\/wp\/v2\/posts\/150466\/revisions"}],"wp:featuredmedia":[{"embeddable":true,"href":"https:\/\/archive.sana.sy\/tr\/index.php?rest_route=\/wp\/v2\/media\/150473"}],"wp:attachment":[{"href":"https:\/\/archive.sana.sy\/tr\/index.php?rest_route=%2Fwp%2Fv2%2Fmedia&parent=150466"}],"wp:term":[{"taxonomy":"category","embeddable":true,"href":"https:\/\/archive.sana.sy\/tr\/index.php?rest_route=%2Fwp%2Fv2%2Fcategories&post=150466"},{"taxonomy":"post_tag","embeddable":true,"href":"https:\/\/archive.sana.sy\/tr\/index.php?rest_route=%2Fwp%2Fv2%2Ftags&post=150466"}],"curies":[{"name":"wp","href":"https:\/\/api.w.org\/{rel}","templated":true}]}}