{"id":15062,"date":"2014-11-09T10:27:07","date_gmt":"2014-11-09T08:27:07","guid":{"rendered":"http:\/\/www.sana.sy\/tr\/?p=15062"},"modified":"2014-11-09T10:33:27","modified_gmt":"2014-11-09T08:33:27","slug":"romen-gures-dalinda-millilerimiz-1-altin-4-gumus-2-bronz-madalya-elde-etti","status":"publish","type":"post","link":"https:\/\/archive.sana.sy\/tr\/?p=15062","title":{"rendered":"Romen G\u00fcre\u015f Dal\u0131nda Millilerimiz 1 Alt\u0131n 4 G\u00fcm\u00fc\u015f 2 Bronz Madalya Elde Etti"},"content":{"rendered":"<p>BEYRUT \u2013 L\u00fcbnan\u2019\u0131n Ba\u015fkenti Beyrut\u2019ta d\u00fczenlenen Bat\u0131 Asya Gen\u00e7 G\u00fcre\u015f \u015eampiyonas\u0131nda millilerimiz Romen g\u00fcre\u015f dal\u0131nda 1 alt\u0131n 4 g\u00fcm\u00fc\u015f ve 2 bronz madalya kazand\u0131.<\/p>\n<p><a href=\"http:\/\/www.sana.sy\/tr\/wp-content\/uploads\/2014\/11\/Romen-2.jpg\"><img loading=\"lazy\" decoding=\"async\" class=\"alignright wp-image-15064 size-medium\" src=\"http:\/\/www.sana.sy\/tr\/wp-content\/uploads\/2014\/11\/Romen-2-300x159.jpg\" alt=\"Romen 2\" width=\"300\" height=\"159\" srcset=\"https:\/\/archive.sana.sy\/tr\/wp-content\/uploads\/2014\/11\/Romen-2-300x160.jpg 300w, https:\/\/archive.sana.sy\/tr\/wp-content\/uploads\/2014\/11\/Romen-2-150x79.jpg 150w, https:\/\/archive.sana.sy\/tr\/wp-content\/uploads\/2014\/11\/Romen-2.jpg 620w\" sizes=\"auto, (max-width: 300px) 100vw, 300px\" \/><\/a>Millilerimiz alt\u0131n madalyay\u0131 74 kg\u2019da Rateb el Hayek, G\u00fcm\u00fc\u015f madalyalar\u0131 84 kg\u2019da Ahmet Bekri, 96 kg\u2019da Ahmet el Hems, 124 kg\u2019da Abdulrahman el Abras, 66 kg\u2019da Ahmet Naci, Bronz madalyalarda ise 55 kg\u2019da Ahmet el Hassun ve 60 kg\u2019da Abdul Kerim el Hasan kazand\u0131.<\/p>\n<p>Millilerimiz Serbest g\u00fcre\u015f dal\u0131nda da 1 alt\u0131n, 4 g\u00fcm\u00fc\u015f ve 3 bronz madalya kazanm\u0131\u015ft\u0131.<br \/>\n\u015eampiyonaya Suriye\u2019nin yan\u0131 s\u0131ra, L\u00fcbnan, Irak, Yemen ve Filistin \u00fclkeleri katl\u0131yor.<\/p>\n<p>L\u00fcbnan\u2019da d\u00fczenlenen Bat\u0131 Asya Erkekler \u015eampiyonas\u0131nda da millilerimiz toplamda 16 madalya kazanm\u0131\u015ft\u0131.<\/p>\n","protected":false},"excerpt":{"rendered":"<p>BEYRUT \u2013 L\u00fcbnan\u2019\u0131n Ba\u015fkenti Beyrut\u2019ta d\u00fczenlenen Bat\u0131 Asya Gen\u00e7 G\u00fcre\u015f \u015eampiyonas\u0131nda millilerimiz Romen g\u00fcre\u015f dal\u0131nda 1 alt\u0131n 4 g\u00fcm\u00fc\u015f ve 2 bronz madalya kazand\u0131. Millilerimiz alt\u0131n madalyay\u0131 74 kg\u2019da Rateb el Hayek, G\u00fcm\u00fc\u015f madalyalar\u0131 84 kg\u2019da Ahmet Bekri, 96 kg\u2019da Ahmet el Hems, 124 kg\u2019da Abdulrahman el Abras, 66 kg\u2019da Ahmet Naci, Bronz madalyalarda ise &hellip;<\/p>\n","protected":false},"author":1,"featured_media":15063,"comment_status":"closed","ping_status":"closed","sticky":false,"template":"","format":"standard","meta":{"footnotes":""},"categories":[498,496],"tags":[5326,5327,5325,5328,5324,5323],"class_list":["post-15062","post","type-post","status-publish","format-standard","has-post-thumbnail","","category-dunya-turnuvalari","category-spor","tag-124-kgda-abdulrahman-el-abras","tag-66-kgda-ahmet-naci","tag-96-kgda-ahmet-el-hems","tag-bronz-madalyalarda-ise-55-kgda-ahmet-el-hassun-ve-60-kgda-abdul-kerim-el-hasan-kazandi","tag-gumus-madalyalari-84-kgda-ahmet-bekri","tag-romen-gures-dalinda-millilerimiz-1-altin-4-gumus-2-bronz-madalya-elde-etti-beyrut-lubnanin-baskenti-beyrutta-duzenlenen-bati-asya-genc-gures-sampiyonasinda-millilerimiz-rom"],"_links":{"self":[{"href":"https:\/\/archive.sana.sy\/tr\/index.php?rest_route=\/wp\/v2\/posts\/15062","targetHints":{"allow":["GET"]}}],"collection":[{"href":"https:\/\/archive.sana.sy\/tr\/index.php?rest_route=\/wp\/v2\/posts"}],"about":[{"href":"https:\/\/archive.sana.sy\/tr\/index.php?rest_route=\/wp\/v2\/types\/post"}],"author":[{"embeddable":true,"href":"https:\/\/archive.sana.sy\/tr\/index.php?rest_route=\/wp\/v2\/users\/1"}],"replies":[{"embeddable":true,"href":"https:\/\/archive.sana.sy\/tr\/index.php?rest_route=%2Fwp%2Fv2%2Fcomments&post=15062"}],"version-history":[{"count":0,"href":"https:\/\/archive.sana.sy\/tr\/index.php?rest_route=\/wp\/v2\/posts\/15062\/revisions"}],"wp:featuredmedia":[{"embeddable":true,"href":"https:\/\/archive.sana.sy\/tr\/index.php?rest_route=\/wp\/v2\/media\/15063"}],"wp:attachment":[{"href":"https:\/\/archive.sana.sy\/tr\/index.php?rest_route=%2Fwp%2Fv2%2Fmedia&parent=15062"}],"wp:term":[{"taxonomy":"category","embeddable":true,"href":"https:\/\/archive.sana.sy\/tr\/index.php?rest_route=%2Fwp%2Fv2%2Fcategories&post=15062"},{"taxonomy":"post_tag","embeddable":true,"href":"https:\/\/archive.sana.sy\/tr\/index.php?rest_route=%2Fwp%2Fv2%2Ftags&post=15062"}],"curies":[{"name":"wp","href":"https:\/\/api.w.org\/{rel}","templated":true}]}}