{"id":150768,"date":"2018-05-30T14:30:47","date_gmt":"2018-05-30T11:30:47","guid":{"rendered":"https:\/\/www.sana.sy\/tr\/?p=150768"},"modified":"2018-05-31T15:56:27","modified_gmt":"2018-05-31T12:56:27","slug":"suriyede-calismalarini-yeniden-baslatmasi-olanaklari-gorusuldu","status":"publish","type":"post","link":"https:\/\/archive.sana.sy\/tr\/?p=150768","title":{"rendered":"Suriye&#8217;de \u00c7al\u0131\u015fmalar\u0131n\u0131 Yeniden Ba\u015flatmas\u0131 Olanaklar\u0131 G\u00f6r\u00fc\u015f\u00fcld\u00fc"},"content":{"rendered":"<p>CENEVRE \u2013 Cenevre&#8217;de d\u00fczenlenen Uluslararas\u0131 \u00c7al\u0131\u015fma \u00d6rg\u00fct\u00fcn\u00fcn 107. d\u00f6nem toplant\u0131lar\u0131nda Suriye heyeti ba\u015fkan\u0131 \u00c7al\u0131\u015fma ve Sosyal \u0130\u015fler Bakan\u0131 Rima Kadiri bug\u00fcn toplant\u0131lar kapsam\u0131nda bir dizi temaslarda bulundu.<\/p>\n<p><a href=\"https:\/\/www.sana.sy\/tr\/wp-content\/uploads\/2018\/05\/2-158.jpg\"><img loading=\"lazy\" decoding=\"async\" class=\"alignright wp-image-150769 size-medium\" src=\"https:\/\/www.sana.sy\/tr\/wp-content\/uploads\/2018\/05\/2-158-300x168.jpg\" alt=\"\" width=\"300\" height=\"168\" srcset=\"https:\/\/archive.sana.sy\/tr\/wp-content\/uploads\/2018\/05\/2-158-300x168.jpg 300w, https:\/\/archive.sana.sy\/tr\/wp-content\/uploads\/2018\/05\/2-158-150x84.jpg 150w, https:\/\/archive.sana.sy\/tr\/wp-content\/uploads\/2018\/05\/2-158.jpg 660w\" sizes=\"auto, (max-width: 300px) 100vw, 300px\" \/><\/a>Heyet ba\u015fkan\u0131 Bakan Kadiri \u00f6rg\u00fct\u00fcn b\u00f6lge m\u00fcd\u00fcr\u00fc R\u00fcba Cerdat ile toplant\u0131s\u0131nda Suriye h\u00fck\u00fcmeti ile Uluslararas\u0131 \u00c7al\u0131\u015fma \u00d6rg\u00fct\u00fc aras\u0131nda teknik i\u015fbirli\u011fi program\u0131n\u0131 yeniden etkinle\u015ftirme olanaklar\u0131n\u0131 masaya yat\u0131rd\u0131.<\/p>\n<p>Kadiri heyet \u00fcyeleri ile birlikte ayr\u0131ca Cezayir \u00c7al\u0131\u015fma ve Sosyal Sigortalar Bakan\u0131 Murat Zemali ile temaslarda bulunarak iki \u00fclke aras\u0131nda deneyim al\u0131\u015fveri\u015fi olanaklar\u0131n\u0131 inceledi.<\/p>\n<p>Ge\u00e7en Pazartesi g\u00fcn\u00fc ba\u015flayan ve 8 Haziran tarihine dek s\u00fcrecek toplant\u0131larda i\u015fyerlerinde \u015fiddet, i\u015f\u00e7ilerin haklar\u0131, kad\u0131n i\u015f\u00e7iler, sosyal diyalog ve bir dizi mesele tart\u0131\u015f\u0131l\u0131yor.<\/p>\n","protected":false},"excerpt":{"rendered":"<p>CENEVRE \u2013 Cenevre&#8217;de d\u00fczenlenen Uluslararas\u0131 \u00c7al\u0131\u015fma \u00d6rg\u00fct\u00fcn\u00fcn 107. d\u00f6nem toplant\u0131lar\u0131nda Suriye heyeti ba\u015fkan\u0131 \u00c7al\u0131\u015fma ve Sosyal \u0130\u015fler Bakan\u0131 Rima Kadiri bug\u00fcn toplant\u0131lar kapsam\u0131nda bir dizi temaslarda bulundu. Heyet ba\u015fkan\u0131 Bakan Kadiri \u00f6rg\u00fct\u00fcn b\u00f6lge m\u00fcd\u00fcr\u00fc R\u00fcba Cerdat ile toplant\u0131s\u0131nda Suriye h\u00fck\u00fcmeti ile Uluslararas\u0131 \u00c7al\u0131\u015fma \u00d6rg\u00fct\u00fc aras\u0131nda teknik i\u015fbirli\u011fi program\u0131n\u0131 yeniden etkinle\u015ftirme olanaklar\u0131n\u0131 masaya yat\u0131rd\u0131. Kadiri heyet &hellip;<\/p>\n","protected":false},"author":1,"featured_media":150770,"comment_status":"closed","ping_status":"closed","sticky":false,"template":"","format":"standard","meta":{"footnotes":""},"categories":[458,459,17988],"tags":[25472,18185,33176,16591,19850],"class_list":["post-150768","post","type-post","status-publish","format-standard","has-post-thumbnail","","category-dunya1","category-haberler-arap-uluslararasi-politika","category-son-haberler","tag-calisma-ve-sosyal-isler-bakani","tag-cenevre","tag-rima-kadiri","tag-suriye","tag-uluslararasi-calisma-orgutu"],"_links":{"self":[{"href":"https:\/\/archive.sana.sy\/tr\/index.php?rest_route=\/wp\/v2\/posts\/150768","targetHints":{"allow":["GET"]}}],"collection":[{"href":"https:\/\/archive.sana.sy\/tr\/index.php?rest_route=\/wp\/v2\/posts"}],"about":[{"href":"https:\/\/archive.sana.sy\/tr\/index.php?rest_route=\/wp\/v2\/types\/post"}],"author":[{"embeddable":true,"href":"https:\/\/archive.sana.sy\/tr\/index.php?rest_route=\/wp\/v2\/users\/1"}],"replies":[{"embeddable":true,"href":"https:\/\/archive.sana.sy\/tr\/index.php?rest_route=%2Fwp%2Fv2%2Fcomments&post=150768"}],"version-history":[{"count":0,"href":"https:\/\/archive.sana.sy\/tr\/index.php?rest_route=\/wp\/v2\/posts\/150768\/revisions"}],"wp:featuredmedia":[{"embeddable":true,"href":"https:\/\/archive.sana.sy\/tr\/index.php?rest_route=\/wp\/v2\/media\/150770"}],"wp:attachment":[{"href":"https:\/\/archive.sana.sy\/tr\/index.php?rest_route=%2Fwp%2Fv2%2Fmedia&parent=150768"}],"wp:term":[{"taxonomy":"category","embeddable":true,"href":"https:\/\/archive.sana.sy\/tr\/index.php?rest_route=%2Fwp%2Fv2%2Fcategories&post=150768"},{"taxonomy":"post_tag","embeddable":true,"href":"https:\/\/archive.sana.sy\/tr\/index.php?rest_route=%2Fwp%2Fv2%2Ftags&post=150768"}],"curies":[{"name":"wp","href":"https:\/\/api.w.org\/{rel}","templated":true}]}}