{"id":150779,"date":"2018-05-30T16:00:03","date_gmt":"2018-05-30T13:00:03","guid":{"rendered":"https:\/\/www.sana.sy\/tr\/?p=150779"},"modified":"2018-05-30T16:00:03","modified_gmt":"2018-05-30T13:00:03","slug":"cumhurbaskani-el-esad-irak-ve-demokratik-korenin-sama-atadiklari-yeni-buyukelcilerinin-guven-mektuplarini-kabul-ediyor","status":"publish","type":"post","link":"https:\/\/archive.sana.sy\/tr\/?p=150779","title":{"rendered":"Cumhurba\u015fkan\u0131 el Esad Irak ve Demokratik Kore\u2019nin \u015eam\u2019a atad\u0131klar\u0131 yeni b\u00fcy\u00fckel\u00e7ilerinin g\u00fcven mektuplar\u0131n\u0131 kabul ediyor."},"content":{"rendered":"<p>Cumhurba\u015fkan\u0131 el Esad Irak ve Demokratik Kore\u2019nin \u015eam\u2019a atad\u0131klar\u0131 yeni b\u00fcy\u00fckel\u00e7ilerinin g\u00fcven mektuplar\u0131n\u0131 kabul ediyor.<\/p>\n<div id='gallery-1' class='gallery galleryid-150779 gallery-columns-1 gallery-size-large'><figure class='gallery-item'>\n\t\t\t<div class='gallery-icon landscape'>\n\t\t\t\t<a href='https:\/\/archive.sana.sy\/tr\/wp-content\/uploads\/2018\/05\/1-335.jpg'><img loading=\"lazy\" decoding=\"async\" width=\"618\" height=\"409\" src=\"https:\/\/archive.sana.sy\/tr\/wp-content\/uploads\/2018\/05\/1-335-1024x678.jpg\" class=\"attachment-large size-large\" alt=\"\" srcset=\"https:\/\/archive.sana.sy\/tr\/wp-content\/uploads\/2018\/05\/1-335-1024x678.jpg 1024w, https:\/\/archive.sana.sy\/tr\/wp-content\/uploads\/2018\/05\/1-335-150x99.jpg 150w, https:\/\/archive.sana.sy\/tr\/wp-content\/uploads\/2018\/05\/1-335-300x199.jpg 300w, https:\/\/archive.sana.sy\/tr\/wp-content\/uploads\/2018\/05\/1-335-768x509.jpg 768w, https:\/\/archive.sana.sy\/tr\/wp-content\/uploads\/2018\/05\/1-335-310x205.jpg 310w\" sizes=\"auto, (max-width: 618px) 100vw, 618px\" \/><\/a>\n\t\t\t<\/div><\/figure><figure class='gallery-item'>\n\t\t\t<div class='gallery-icon landscape'>\n\t\t\t\t<a href='https:\/\/archive.sana.sy\/tr\/wp-content\/uploads\/2018\/05\/2-160.jpg'><img loading=\"lazy\" decoding=\"async\" width=\"618\" height=\"330\" src=\"https:\/\/archive.sana.sy\/tr\/wp-content\/uploads\/2018\/05\/2-160-1024x546.jpg\" class=\"attachment-large size-large\" alt=\"\" srcset=\"https:\/\/archive.sana.sy\/tr\/wp-content\/uploads\/2018\/05\/2-160-1024x546.jpg 1024w, https:\/\/archive.sana.sy\/tr\/wp-content\/uploads\/2018\/05\/2-160-150x80.jpg 150w, https:\/\/archive.sana.sy\/tr\/wp-content\/uploads\/2018\/05\/2-160-300x160.jpg 300w, https:\/\/archive.sana.sy\/tr\/wp-content\/uploads\/2018\/05\/2-160-768x410.jpg 768w, https:\/\/archive.sana.sy\/tr\/wp-content\/uploads\/2018\/05\/2-160-310x165.jpg 310w\" sizes=\"auto, (max-width: 618px) 100vw, 618px\" \/><\/a>\n\t\t\t<\/div><\/figure><figure class='gallery-item'>\n\t\t\t<div class='gallery-icon landscape'>\n\t\t\t\t<a href='https:\/\/archive.sana.sy\/tr\/wp-content\/uploads\/2018\/05\/2-159.jpg'><img loading=\"lazy\" decoding=\"async\" width=\"618\" height=\"397\" src=\"https:\/\/archive.sana.sy\/tr\/wp-content\/uploads\/2018\/05\/2-159-1024x657.jpg\" class=\"attachment-large size-large\" alt=\"\" srcset=\"https:\/\/archive.sana.sy\/tr\/wp-content\/uploads\/2018\/05\/2-159-1024x657.jpg 1024w, https:\/\/archive.sana.sy\/tr\/wp-content\/uploads\/2018\/05\/2-159-150x96.jpg 150w, https:\/\/archive.sana.sy\/tr\/wp-content\/uploads\/2018\/05\/2-159-300x192.jpg 300w, https:\/\/archive.sana.sy\/tr\/wp-content\/uploads\/2018\/05\/2-159-768x493.jpg 768w\" sizes=\"auto, (max-width: 618px) 100vw, 618px\" \/><\/a>\n\t\t\t<\/div><\/figure><figure class='gallery-item'>\n\t\t\t<div class='gallery-icon landscape'>\n\t\t\t\t<a href='https:\/\/archive.sana.sy\/tr\/wp-content\/uploads\/2018\/05\/1-334.jpg'><img loading=\"lazy\" decoding=\"async\" width=\"618\" height=\"287\" src=\"https:\/\/archive.sana.sy\/tr\/wp-content\/uploads\/2018\/05\/1-334-1024x475.jpg\" class=\"attachment-large size-large\" alt=\"\" srcset=\"https:\/\/archive.sana.sy\/tr\/wp-content\/uploads\/2018\/05\/1-334-1024x475.jpg 1024w, https:\/\/archive.sana.sy\/tr\/wp-content\/uploads\/2018\/05\/1-334-150x70.jpg 150w, https:\/\/archive.sana.sy\/tr\/wp-content\/uploads\/2018\/05\/1-334-300x139.jpg 300w, https:\/\/archive.sana.sy\/tr\/wp-content\/uploads\/2018\/05\/1-334-768x356.jpg 768w\" sizes=\"auto, (max-width: 618px) 100vw, 618px\" \/><\/a>\n\t\t\t<\/div><\/figure>\n\t\t<\/div>\n\n","protected":false},"excerpt":{"rendered":"<p>Cumhurba\u015fkan\u0131 el Esad Irak ve Demokratik Kore\u2019nin \u015eam\u2019a atad\u0131klar\u0131 yeni b\u00fcy\u00fckel\u00e7ilerinin g\u00fcven mektuplar\u0131n\u0131 kabul ediyor.<\/p>\n","protected":false},"author":1,"featured_media":150774,"comment_status":"closed","ping_status":"closed","sticky":false,"template":"","format":"standard","meta":{"footnotes":""},"categories":[6459],"tags":[19968,8767,20113,2755,19693,16591,24119],"class_list":["post-150779","post","type-post","status-publish","format-standard","has-post-thumbnail","","category-sana-fotolarl","tag-bessar-esad","tag-cumhurbaskani","tag-esad","tag-sam","tag-sam-buyukelcisi","tag-suriye","tag-suriye-lideri"],"_links":{"self":[{"href":"https:\/\/archive.sana.sy\/tr\/index.php?rest_route=\/wp\/v2\/posts\/150779","targetHints":{"allow":["GET"]}}],"collection":[{"href":"https:\/\/archive.sana.sy\/tr\/index.php?rest_route=\/wp\/v2\/posts"}],"about":[{"href":"https:\/\/archive.sana.sy\/tr\/index.php?rest_route=\/wp\/v2\/types\/post"}],"author":[{"embeddable":true,"href":"https:\/\/archive.sana.sy\/tr\/index.php?rest_route=\/wp\/v2\/users\/1"}],"replies":[{"embeddable":true,"href":"https:\/\/archive.sana.sy\/tr\/index.php?rest_route=%2Fwp%2Fv2%2Fcomments&post=150779"}],"version-history":[{"count":0,"href":"https:\/\/archive.sana.sy\/tr\/index.php?rest_route=\/wp\/v2\/posts\/150779\/revisions"}],"wp:featuredmedia":[{"embeddable":true,"href":"https:\/\/archive.sana.sy\/tr\/index.php?rest_route=\/wp\/v2\/media\/150774"}],"wp:attachment":[{"href":"https:\/\/archive.sana.sy\/tr\/index.php?rest_route=%2Fwp%2Fv2%2Fmedia&parent=150779"}],"wp:term":[{"taxonomy":"category","embeddable":true,"href":"https:\/\/archive.sana.sy\/tr\/index.php?rest_route=%2Fwp%2Fv2%2Fcategories&post=150779"},{"taxonomy":"post_tag","embeddable":true,"href":"https:\/\/archive.sana.sy\/tr\/index.php?rest_route=%2Fwp%2Fv2%2Ftags&post=150779"}],"curies":[{"name":"wp","href":"https:\/\/api.w.org\/{rel}","templated":true}]}}