{"id":150781,"date":"2018-05-30T14:01:37","date_gmt":"2018-05-30T11:01:37","guid":{"rendered":"https:\/\/www.sana.sy\/tr\/?p=150781"},"modified":"2018-05-31T15:56:35","modified_gmt":"2018-05-31T12:56:35","slug":"fua-ve-kefrayya-gencleri-terore-meydan-okuyor","status":"publish","type":"post","link":"https:\/\/archive.sana.sy\/tr\/?p=150781","title":{"rendered":"Fua ve Kefrayya Gen\u00e7leri Ter\u00f6re Meydan Okuyor"},"content":{"rendered":"<p>\u0130DL\u0130B \u2013 \u0130dlib k\u0131rsal\u0131n\u0131n kuzeyinde d\u00f6rt y\u0131la yak\u0131n s\u00fcredir radikal ter\u00f6ristlerin s\u0131k\u0131 ku\u015fatmas\u0131 ve g\u00fcn\u00fc birlik sald\u0131r\u0131lar\u0131na maruz kalan Fua ve Kefrayya beldelerinde lise \u00f6\u011frencileri gen\u00e7ler ter\u00f6r ve sald\u0131r\u0131lar\u0131na meydan okuyup \u00fcniversiteye giri\u015f s\u0131navlar\u0131n\u0131 azimle s\u00fcrd\u00fcr\u00fcyor.<\/p>\n<p>E\u011fitim Bakanl\u0131\u011f\u0131nda S\u0131navlar Dairesi M\u00fcd\u00fcr\u00fc Yunus Fati; Kefrayya ve Fua\u2019da karanl\u0131k ideolojiye sahip radikal ter\u00f6ristlerin sald\u0131r\u0131lar\u0131 ve ku\u015fatmalar\u0131na ra\u011fmen beldede bulunan lise \u00f6\u011frencilerinin \u00fcniversiteye giri\u015f s\u0131navlar\u0131na kat\u0131lma azim ve kararl\u0131l\u0131\u011f\u0131 g\u00f6sterdiklerini ifade etti.<\/p>\n<p>Fati iki beldede ilk\u00f6\u011fretim final s\u0131navlar\u0131n\u0131n tamamlanmas\u0131 ard\u0131ndan lise \u00f6\u011frencilerinin \u00fcniversiteye giri\u015f s\u0131navlar\u0131na ba\u015flad\u0131klar\u0131n\u0131 kaydetti.<\/p>\n","protected":false},"excerpt":{"rendered":"<p>\u0130DL\u0130B \u2013 \u0130dlib k\u0131rsal\u0131n\u0131n kuzeyinde d\u00f6rt y\u0131la yak\u0131n s\u00fcredir radikal ter\u00f6ristlerin s\u0131k\u0131 ku\u015fatmas\u0131 ve g\u00fcn\u00fc birlik sald\u0131r\u0131lar\u0131na maruz kalan Fua ve Kefrayya beldelerinde lise \u00f6\u011frencileri gen\u00e7ler ter\u00f6r ve sald\u0131r\u0131lar\u0131na meydan okuyup \u00fcniversiteye giri\u015f s\u0131navlar\u0131n\u0131 azimle s\u00fcrd\u00fcr\u00fcyor. E\u011fitim Bakanl\u0131\u011f\u0131nda S\u0131navlar Dairesi M\u00fcd\u00fcr\u00fc Yunus Fati; Kefrayya ve Fua\u2019da karanl\u0131k ideolojiye sahip radikal ter\u00f6ristlerin sald\u0131r\u0131lar\u0131 ve ku\u015fatmalar\u0131na ra\u011fmen &hellip;<\/p>\n","protected":false},"author":1,"featured_media":150782,"comment_status":"closed","ping_status":"closed","sticky":false,"template":"","format":"standard","meta":{"footnotes":""},"categories":[479,17988,478],"tags":[18407,18489,1294,18491,36340,28210,22181,19123],"class_list":["post-150781","post","type-post","status-publish","format-standard","has-post-thumbnail","","category-haberler-yerel","category-son-haberler","category-yerel","tag-egitim-bakanligi","tag-fua","tag-idlib","tag-kefraya","tag-slise-ogrencileri","tag-suriye-okullari","tag-suriyeliler","tag-universite-sinavlari"],"_links":{"self":[{"href":"https:\/\/archive.sana.sy\/tr\/index.php?rest_route=\/wp\/v2\/posts\/150781","targetHints":{"allow":["GET"]}}],"collection":[{"href":"https:\/\/archive.sana.sy\/tr\/index.php?rest_route=\/wp\/v2\/posts"}],"about":[{"href":"https:\/\/archive.sana.sy\/tr\/index.php?rest_route=\/wp\/v2\/types\/post"}],"author":[{"embeddable":true,"href":"https:\/\/archive.sana.sy\/tr\/index.php?rest_route=\/wp\/v2\/users\/1"}],"replies":[{"embeddable":true,"href":"https:\/\/archive.sana.sy\/tr\/index.php?rest_route=%2Fwp%2Fv2%2Fcomments&post=150781"}],"version-history":[{"count":0,"href":"https:\/\/archive.sana.sy\/tr\/index.php?rest_route=\/wp\/v2\/posts\/150781\/revisions"}],"wp:featuredmedia":[{"embeddable":true,"href":"https:\/\/archive.sana.sy\/tr\/index.php?rest_route=\/wp\/v2\/media\/150782"}],"wp:attachment":[{"href":"https:\/\/archive.sana.sy\/tr\/index.php?rest_route=%2Fwp%2Fv2%2Fmedia&parent=150781"}],"wp:term":[{"taxonomy":"category","embeddable":true,"href":"https:\/\/archive.sana.sy\/tr\/index.php?rest_route=%2Fwp%2Fv2%2Fcategories&post=150781"},{"taxonomy":"post_tag","embeddable":true,"href":"https:\/\/archive.sana.sy\/tr\/index.php?rest_route=%2Fwp%2Fv2%2Ftags&post=150781"}],"curies":[{"name":"wp","href":"https:\/\/api.w.org\/{rel}","templated":true}]}}